{"id":1917,"date":"2025-01-09T10:03:42","date_gmt":"2025-01-09T10:03:42","guid":{"rendered":"https:\/\/centro-cee.com\/web\/?p=1917"},"modified":"2025-01-09T10:03:42","modified_gmt":"2025-01-09T10:03:42","slug":"las-gafas-captify","status":"publish","type":"post","link":"https:\/\/centro-cee.com\/web\/las-gafas-captify\/","title":{"rendered":"Las Gafas Captify"},"content":{"rendered":"<p><!--more--><br \/>\n<strong>Las Gafas Captify<\/strong>.<\/p>\n<div class=\"flex max-w-full flex-col flex-grow\">\n<div class=\"min-h-8 text-message flex w-full flex-col items-end gap-2 whitespace-normal break-words text-start [.text-message+&amp;]:mt-5\" dir=\"auto\" data-message-author-role=\"assistant\" data-message-id=\"197b24da-085a-478f-8c67-b7ddef6e9247\" data-message-model-slug=\"gpt-4o\">\n<div class=\"flex w-full flex-col gap-1 empty:hidden first:pt-[3px]\">\n<div class=\"markdown prose w-full break-words dark:prose-invert dark\">\n<h1>Las Gafas Captify: Innovaci\u00f3n en Accesibilidad Auditiva<\/h1>\n<h2>Introducci\u00f3n a Captify<\/h2>\n<p>Las gafas <strong>Captify<\/strong> son una tecnolog\u00eda revolucionaria dise\u00f1ada para subtitular conversaciones en tiempo real, ofreciendo una soluci\u00f3n innovadora para personas con dificultades auditivas. Presentadas en el CES Unveiled 2025, estas gafas buscan transformar la forma en que las personas interact\u00faan en entornos sociales y profesionales.<\/p>\n<hr \/>\n<h2>Caracter\u00edsticas Principales<\/h2>\n<h3>Subtitulaci\u00f3n en Tiempo Real<\/h3>\n<p>Captify transcribe autom\u00e1ticamente las palabras pronunciadas por los interlocutores y las muestra como subt\u00edtulos en las lentes de las gafas. Esto permite a los usuarios seguir conversaciones en tiempo real sin la necesidad de dispositivos adicionales.<\/p>\n<h3>Traducci\u00f3n Multiling\u00fce<\/h3>\n<p>Las gafas est\u00e1n equipadas con soporte para m\u00faltiples idiomas, lo que facilita la comunicaci\u00f3n en entornos multiculturales y durante viajes internacionales. Los subt\u00edtulos se adaptan autom\u00e1ticamente al idioma preferido por el usuario.<\/p>\n<h3>Dise\u00f1o Ergon\u00f3mico y Moderno<\/h3>\n<p>El dise\u00f1o de Captify combina tecnolog\u00eda avanzada con comodidad y estilo. Estas gafas han sido desarrolladas para garantizar que los usuarios puedan utilizarlas durante largos per\u00edodos sin experimentar molestias.<\/p>\n<h3>Conectividad y Actualizaciones<\/h3>\n<p>Las gafas incluyen una aplicaci\u00f3n m\u00f3vil complementaria que permite personalizar las preferencias de idioma, el estilo de los subt\u00edtulos y recibir actualizaciones peri\u00f3dicas de software. Esto asegura que el dispositivo se mantenga optimizado con el tiempo.<\/p>\n<hr \/>\n<h2>Impacto en la Accesibilidad<\/h2>\n<p>Captify tiene el potencial de mejorar significativamente la calidad de vida de personas con problemas de audici\u00f3n al proporcionarles una herramienta discreta y eficiente para la comunicaci\u00f3n diaria. Su capacidad para adaptarse a m\u00faltiples idiomas tambi\u00e9n la hace ideal para situaciones multiculturales.<\/p>\n<hr \/>\n<h2>Disponibilidad y Futuro<\/h2>\n<p>El equipo detr\u00e1s de Captify ha lanzado una campa\u00f1a en Kickstarter para financiar la producci\u00f3n y distribuci\u00f3n de estas gafas. Este anuncio ha generado gran entusiasmo entre los usuarios potenciales y los inversores tecnol\u00f3gicos, posicionando a Captify como una soluci\u00f3n prometedora en el mercado.<\/p>\n<hr \/>\n<h2>Conclusi\u00f3n<\/h2>\n<p>Las gafas Captify representan un avance significativo en el desarrollo de tecnolog\u00edas inclusivas, combinando innovaci\u00f3n, dise\u00f1o y funcionalidad para transformar la manera en que las personas con problemas auditivos interact\u00faan con el mundo.<\/p>\n<\/div>\n<div class=\"mb-2 flex gap-3 empty:hidden -ml-2\">\n<div class=\"items-center justify-start rounded-xl p-1 flex\">\n<div class=\"flex items-center\"><\/div>\n<\/div>\n<\/div>\n<p style=\"font-size: 70%;\">Fuente: Captify<\/p>\n<p><a href=\"https:\/\/centro-cee.com\/web\/category\/noticias\/\">Atr\u00e1s<\/a><\/p>\n<hr \/>\n<h5><em>Las Gafas Captify<\/em><\/h5>\n<p>&nbsp;<\/p>\n<\/div>\n<\/div>\n<\/div>\n","protected":false},"excerpt":{"rendered":"","protected":false},"author":2,"featured_media":1918,"comment_status":"closed","ping_status":"closed","sticky":false,"template":"","format":"standard","meta":{"footnotes":""},"categories":[1],"tags":[],"class_list":["post-1917","post","type-post","status-publish","format-standard","has-post-thumbnail","hentry","category-noticias"],"yoast_head":"<!-- This site is optimized with the Yoast SEO plugin v27.5 - https:\/\/yoast.com\/product\/yoast-seo-wordpress\/ -->\n<title>Las Gafas Captify<\/title>\n<meta name=\"description\" content=\"Las Gafas Captify: Innovaci\u00f3n en Accesibilidad Auditiva\" \/>\n<meta name=\"robots\" content=\"index, follow, max-snippet:-1, max-image-preview:large, max-video-preview:-1\" \/>\n<link rel=\"canonical\" href=\"https:\/\/centro-cee.com\/web\/las-gafas-captify\/\" \/>\n<meta property=\"og:locale\" content=\"es_ES\" \/>\n<meta property=\"og:type\" content=\"article\" \/>\n<meta property=\"og:title\" content=\"Las Gafas Captify\" \/>\n<meta property=\"og:description\" content=\"Las Gafas Captify: Innovaci\u00f3n en Accesibilidad Auditiva\" \/>\n<meta property=\"og:url\" content=\"https:\/\/centro-cee.com\/web\/las-gafas-captify\/\" \/>\n<meta property=\"og:site_name\" content=\"CEE Centro Europeo E-learning - Cursos online\" \/>\n<meta property=\"article:published_time\" content=\"2025-01-09T10:03:42+00:00\" \/>\n<meta property=\"og:image\" content=\"https:\/\/centro-cee.com\/web\/wp-content\/uploads\/2025\/01\/Casdfsvcptura.png\" \/>\n\t<meta property=\"og:image:width\" content=\"1104\" \/>\n\t<meta property=\"og:image:height\" content=\"510\" \/>\n\t<meta property=\"og:image:type\" content=\"image\/png\" \/>\n<meta name=\"author\" content=\"Edici\u00f3n\" \/>\n<meta name=\"twitter:card\" content=\"summary_large_image\" \/>\n<meta name=\"twitter:label1\" content=\"Escrito por\" \/>\n\t<meta name=\"twitter:data1\" content=\"Edici\u00f3n\" \/>\n\t<meta name=\"twitter:label2\" content=\"Tiempo de lectura\" \/>\n\t<meta name=\"twitter:data2\" content=\"2 minutos\" \/>\n<script type=\"application\/ld+json\" class=\"yoast-schema-graph\">{\"@context\":\"https:\\\/\\\/schema.org\",\"@graph\":[{\"@type\":\"Article\",\"@id\":\"https:\\\/\\\/centro-cee.com\\\/web\\\/las-gafas-captify\\\/#article\",\"isPartOf\":{\"@id\":\"https:\\\/\\\/centro-cee.com\\\/web\\\/las-gafas-captify\\\/\"},\"author\":{\"name\":\"Edici\u00f3n\",\"@id\":\"https:\\\/\\\/centro-cee.com\\\/web\\\/#\\\/schema\\\/person\\\/24bfbcbf6dc0b6bfac34beca30e9d1d6\"},\"headline\":\"Las Gafas Captify\",\"datePublished\":\"2025-01-09T10:03:42+00:00\",\"mainEntityOfPage\":{\"@id\":\"https:\\\/\\\/centro-cee.com\\\/web\\\/las-gafas-captify\\\/\"},\"wordCount\":384,\"publisher\":{\"@id\":\"https:\\\/\\\/centro-cee.com\\\/web\\\/#organization\"},\"image\":{\"@id\":\"https:\\\/\\\/centro-cee.com\\\/web\\\/las-gafas-captify\\\/#primaryimage\"},\"thumbnailUrl\":\"https:\\\/\\\/centro-cee.com\\\/web\\\/wp-content\\\/uploads\\\/2025\\\/01\\\/Casdfsvcptura.png\",\"articleSection\":[\"Noticias\"],\"inLanguage\":\"es\"},{\"@type\":\"WebPage\",\"@id\":\"https:\\\/\\\/centro-cee.com\\\/web\\\/las-gafas-captify\\\/\",\"url\":\"https:\\\/\\\/centro-cee.com\\\/web\\\/las-gafas-captify\\\/\",\"name\":\"Las Gafas Captify\",\"isPartOf\":{\"@id\":\"https:\\\/\\\/centro-cee.com\\\/web\\\/#website\"},\"primaryImageOfPage\":{\"@id\":\"https:\\\/\\\/centro-cee.com\\\/web\\\/las-gafas-captify\\\/#primaryimage\"},\"image\":{\"@id\":\"https:\\\/\\\/centro-cee.com\\\/web\\\/las-gafas-captify\\\/#primaryimage\"},\"thumbnailUrl\":\"https:\\\/\\\/centro-cee.com\\\/web\\\/wp-content\\\/uploads\\\/2025\\\/01\\\/Casdfsvcptura.png\",\"datePublished\":\"2025-01-09T10:03:42+00:00\",\"description\":\"Las Gafas Captify: Innovaci\u00f3n en Accesibilidad Auditiva\",\"breadcrumb\":{\"@id\":\"https:\\\/\\\/centro-cee.com\\\/web\\\/las-gafas-captify\\\/#breadcrumb\"},\"inLanguage\":\"es\",\"potentialAction\":[{\"@type\":\"ReadAction\",\"target\":[\"https:\\\/\\\/centro-cee.com\\\/web\\\/las-gafas-captify\\\/\"]}]},{\"@type\":\"ImageObject\",\"inLanguage\":\"es\",\"@id\":\"https:\\\/\\\/centro-cee.com\\\/web\\\/las-gafas-captify\\\/#primaryimage\",\"url\":\"https:\\\/\\\/centro-cee.com\\\/web\\\/wp-content\\\/uploads\\\/2025\\\/01\\\/Casdfsvcptura.png\",\"contentUrl\":\"https:\\\/\\\/centro-cee.com\\\/web\\\/wp-content\\\/uploads\\\/2025\\\/01\\\/Casdfsvcptura.png\",\"width\":1104,\"height\":510,\"caption\":\"Las Gafas Captify\"},{\"@type\":\"BreadcrumbList\",\"@id\":\"https:\\\/\\\/centro-cee.com\\\/web\\\/las-gafas-captify\\\/#breadcrumb\",\"itemListElement\":[{\"@type\":\"ListItem\",\"position\":1,\"name\":\"Portada\",\"item\":\"https:\\\/\\\/centro-cee.com\\\/web\\\/\"},{\"@type\":\"ListItem\",\"position\":2,\"name\":\"Las Gafas Captify\"}]},{\"@type\":\"WebSite\",\"@id\":\"https:\\\/\\\/centro-cee.com\\\/web\\\/#website\",\"url\":\"https:\\\/\\\/centro-cee.com\\\/web\\\/\",\"name\":\"Centro Europeo E-learning\",\"description\":\"CEE Formaci\u00f3n Online\",\"publisher\":{\"@id\":\"https:\\\/\\\/centro-cee.com\\\/web\\\/#organization\"},\"alternateName\":\"Centro Online de Formaci\u00f3n\",\"potentialAction\":[{\"@type\":\"SearchAction\",\"target\":{\"@type\":\"EntryPoint\",\"urlTemplate\":\"https:\\\/\\\/centro-cee.com\\\/web\\\/?s={search_term_string}\"},\"query-input\":{\"@type\":\"PropertyValueSpecification\",\"valueRequired\":true,\"valueName\":\"search_term_string\"}}],\"inLanguage\":\"es\"},{\"@type\":\"Organization\",\"@id\":\"https:\\\/\\\/centro-cee.com\\\/web\\\/#organization\",\"name\":\"Centro Europeo E-learning CEE\",\"url\":\"https:\\\/\\\/centro-cee.com\\\/web\\\/\",\"logo\":{\"@type\":\"ImageObject\",\"inLanguage\":\"es\",\"@id\":\"https:\\\/\\\/centro-cee.com\\\/web\\\/#\\\/schema\\\/logo\\\/image\\\/\",\"url\":\"https:\\\/\\\/centro-cee.com\\\/web\\\/wp-content\\\/uploads\\\/2022\\\/12\\\/cropped-logo_educa.png\",\"contentUrl\":\"https:\\\/\\\/centro-cee.com\\\/web\\\/wp-content\\\/uploads\\\/2022\\\/12\\\/cropped-logo_educa.png\",\"width\":157,\"height\":63,\"caption\":\"Centro Europeo E-learning CEE\"},\"image\":{\"@id\":\"https:\\\/\\\/centro-cee.com\\\/web\\\/#\\\/schema\\\/logo\\\/image\\\/\"},\"sameAs\":[\"https:\\\/\\\/www.instagram.com\\\/centroeuropeo_cee\"]},{\"@type\":\"Person\",\"@id\":\"https:\\\/\\\/centro-cee.com\\\/web\\\/#\\\/schema\\\/person\\\/24bfbcbf6dc0b6bfac34beca30e9d1d6\",\"name\":\"Edici\u00f3n\",\"image\":{\"@type\":\"ImageObject\",\"inLanguage\":\"es\",\"@id\":\"https:\\\/\\\/secure.gravatar.com\\\/avatar\\\/0a624005c10688edf13034d7c3734e8b9f3bf7083d2ca657e150b27a6bb4ba18?s=96&d=mm&r=g\",\"url\":\"https:\\\/\\\/secure.gravatar.com\\\/avatar\\\/0a624005c10688edf13034d7c3734e8b9f3bf7083d2ca657e150b27a6bb4ba18?s=96&d=mm&r=g\",\"contentUrl\":\"https:\\\/\\\/secure.gravatar.com\\\/avatar\\\/0a624005c10688edf13034d7c3734e8b9f3bf7083d2ca657e150b27a6bb4ba18?s=96&d=mm&r=g\",\"caption\":\"Edici\u00f3n\"},\"url\":\"https:\\\/\\\/centro-cee.com\\\/web\\\/author\\\/edicion\\\/\"}]}<\/script>\n<!-- \/ Yoast SEO plugin. -->","yoast_head_json":{"title":"Las Gafas Captify","description":"Las Gafas Captify: Innovaci\u00f3n en Accesibilidad Auditiva","robots":{"index":"index","follow":"follow","max-snippet":"max-snippet:-1","max-image-preview":"max-image-preview:large","max-video-preview":"max-video-preview:-1"},"canonical":"https:\/\/centro-cee.com\/web\/las-gafas-captify\/","og_locale":"es_ES","og_type":"article","og_title":"Las Gafas Captify","og_description":"Las Gafas Captify: Innovaci\u00f3n en Accesibilidad Auditiva","og_url":"https:\/\/centro-cee.com\/web\/las-gafas-captify\/","og_site_name":"CEE Centro Europeo E-learning - Cursos online","article_published_time":"2025-01-09T10:03:42+00:00","og_image":[{"width":1104,"height":510,"url":"https:\/\/centro-cee.com\/web\/wp-content\/uploads\/2025\/01\/Casdfsvcptura.png","type":"image\/png"}],"author":"Edici\u00f3n","twitter_card":"summary_large_image","twitter_misc":{"Escrito por":"Edici\u00f3n","Tiempo de lectura":"2 minutos"},"schema":{"@context":"https:\/\/schema.org","@graph":[{"@type":"Article","@id":"https:\/\/centro-cee.com\/web\/las-gafas-captify\/#article","isPartOf":{"@id":"https:\/\/centro-cee.com\/web\/las-gafas-captify\/"},"author":{"name":"Edici\u00f3n","@id":"https:\/\/centro-cee.com\/web\/#\/schema\/person\/24bfbcbf6dc0b6bfac34beca30e9d1d6"},"headline":"Las Gafas Captify","datePublished":"2025-01-09T10:03:42+00:00","mainEntityOfPage":{"@id":"https:\/\/centro-cee.com\/web\/las-gafas-captify\/"},"wordCount":384,"publisher":{"@id":"https:\/\/centro-cee.com\/web\/#organization"},"image":{"@id":"https:\/\/centro-cee.com\/web\/las-gafas-captify\/#primaryimage"},"thumbnailUrl":"https:\/\/centro-cee.com\/web\/wp-content\/uploads\/2025\/01\/Casdfsvcptura.png","articleSection":["Noticias"],"inLanguage":"es"},{"@type":"WebPage","@id":"https:\/\/centro-cee.com\/web\/las-gafas-captify\/","url":"https:\/\/centro-cee.com\/web\/las-gafas-captify\/","name":"Las Gafas Captify","isPartOf":{"@id":"https:\/\/centro-cee.com\/web\/#website"},"primaryImageOfPage":{"@id":"https:\/\/centro-cee.com\/web\/las-gafas-captify\/#primaryimage"},"image":{"@id":"https:\/\/centro-cee.com\/web\/las-gafas-captify\/#primaryimage"},"thumbnailUrl":"https:\/\/centro-cee.com\/web\/wp-content\/uploads\/2025\/01\/Casdfsvcptura.png","datePublished":"2025-01-09T10:03:42+00:00","description":"Las Gafas Captify: Innovaci\u00f3n en Accesibilidad Auditiva","breadcrumb":{"@id":"https:\/\/centro-cee.com\/web\/las-gafas-captify\/#breadcrumb"},"inLanguage":"es","potentialAction":[{"@type":"ReadAction","target":["https:\/\/centro-cee.com\/web\/las-gafas-captify\/"]}]},{"@type":"ImageObject","inLanguage":"es","@id":"https:\/\/centro-cee.com\/web\/las-gafas-captify\/#primaryimage","url":"https:\/\/centro-cee.com\/web\/wp-content\/uploads\/2025\/01\/Casdfsvcptura.png","contentUrl":"https:\/\/centro-cee.com\/web\/wp-content\/uploads\/2025\/01\/Casdfsvcptura.png","width":1104,"height":510,"caption":"Las Gafas Captify"},{"@type":"BreadcrumbList","@id":"https:\/\/centro-cee.com\/web\/las-gafas-captify\/#breadcrumb","itemListElement":[{"@type":"ListItem","position":1,"name":"Portada","item":"https:\/\/centro-cee.com\/web\/"},{"@type":"ListItem","position":2,"name":"Las Gafas Captify"}]},{"@type":"WebSite","@id":"https:\/\/centro-cee.com\/web\/#website","url":"https:\/\/centro-cee.com\/web\/","name":"Centro Europeo E-learning","description":"CEE Formaci\u00f3n Online","publisher":{"@id":"https:\/\/centro-cee.com\/web\/#organization"},"alternateName":"Centro Online de Formaci\u00f3n","potentialAction":[{"@type":"SearchAction","target":{"@type":"EntryPoint","urlTemplate":"https:\/\/centro-cee.com\/web\/?s={search_term_string}"},"query-input":{"@type":"PropertyValueSpecification","valueRequired":true,"valueName":"search_term_string"}}],"inLanguage":"es"},{"@type":"Organization","@id":"https:\/\/centro-cee.com\/web\/#organization","name":"Centro Europeo E-learning CEE","url":"https:\/\/centro-cee.com\/web\/","logo":{"@type":"ImageObject","inLanguage":"es","@id":"https:\/\/centro-cee.com\/web\/#\/schema\/logo\/image\/","url":"https:\/\/centro-cee.com\/web\/wp-content\/uploads\/2022\/12\/cropped-logo_educa.png","contentUrl":"https:\/\/centro-cee.com\/web\/wp-content\/uploads\/2022\/12\/cropped-logo_educa.png","width":157,"height":63,"caption":"Centro Europeo E-learning CEE"},"image":{"@id":"https:\/\/centro-cee.com\/web\/#\/schema\/logo\/image\/"},"sameAs":["https:\/\/www.instagram.com\/centroeuropeo_cee"]},{"@type":"Person","@id":"https:\/\/centro-cee.com\/web\/#\/schema\/person\/24bfbcbf6dc0b6bfac34beca30e9d1d6","name":"Edici\u00f3n","image":{"@type":"ImageObject","inLanguage":"es","@id":"https:\/\/secure.gravatar.com\/avatar\/0a624005c10688edf13034d7c3734e8b9f3bf7083d2ca657e150b27a6bb4ba18?s=96&d=mm&r=g","url":"https:\/\/secure.gravatar.com\/avatar\/0a624005c10688edf13034d7c3734e8b9f3bf7083d2ca657e150b27a6bb4ba18?s=96&d=mm&r=g","contentUrl":"https:\/\/secure.gravatar.com\/avatar\/0a624005c10688edf13034d7c3734e8b9f3bf7083d2ca657e150b27a6bb4ba18?s=96&d=mm&r=g","caption":"Edici\u00f3n"},"url":"https:\/\/centro-cee.com\/web\/author\/edicion\/"}]}},"_links":{"self":[{"href":"https:\/\/centro-cee.com\/web\/wp-json\/wp\/v2\/posts\/1917","targetHints":{"allow":["GET"]}}],"collection":[{"href":"https:\/\/centro-cee.com\/web\/wp-json\/wp\/v2\/posts"}],"about":[{"href":"https:\/\/centro-cee.com\/web\/wp-json\/wp\/v2\/types\/post"}],"author":[{"embeddable":true,"href":"https:\/\/centro-cee.com\/web\/wp-json\/wp\/v2\/users\/2"}],"replies":[{"embeddable":true,"href":"https:\/\/centro-cee.com\/web\/wp-json\/wp\/v2\/comments?post=1917"}],"version-history":[{"count":1,"href":"https:\/\/centro-cee.com\/web\/wp-json\/wp\/v2\/posts\/1917\/revisions"}],"predecessor-version":[{"id":1919,"href":"https:\/\/centro-cee.com\/web\/wp-json\/wp\/v2\/posts\/1917\/revisions\/1919"}],"wp:featuredmedia":[{"embeddable":true,"href":"https:\/\/centro-cee.com\/web\/wp-json\/wp\/v2\/media\/1918"}],"wp:attachment":[{"href":"https:\/\/centro-cee.com\/web\/wp-json\/wp\/v2\/media?parent=1917"}],"wp:term":[{"taxonomy":"category","embeddable":true,"href":"https:\/\/centro-cee.com\/web\/wp-json\/wp\/v2\/categories?post=1917"},{"taxonomy":"post_tag","embeddable":true,"href":"https:\/\/centro-cee.com\/web\/wp-json\/wp\/v2\/tags?post=1917"}],"curies":[{"name":"wp","href":"https:\/\/api.w.org\/{rel}","templated":true}]}}