{"id":1811,"date":"2024-12-09T11:38:21","date_gmt":"2024-12-09T11:38:21","guid":{"rendered":"https:\/\/centro-cee.com\/web\/?p=1811"},"modified":"2024-12-09T12:11:46","modified_gmt":"2024-12-09T12:11:46","slug":"programacion-celular","status":"publish","type":"post","link":"https:\/\/centro-cee.com\/web\/programacion-celular\/","title":{"rendered":"PRISA Media ampl\u00eda su liderazgo en IA"},"content":{"rendered":"<p><!--more--><br \/>\n<strong>PRISA Media ampl\u00eda su liderazgo en IA<\/strong>.<\/p>\n<h1>PRISA Media ampl\u00eda su liderazgo en IA al sellar un acuerdo con Perplexity<\/h1>\n<h2><strong>Un paso estrat\u00e9gico hacia la inteligencia artificial<\/strong><\/h2>\n<p>En un movimiento estrat\u00e9gico para fortalecer su posici\u00f3n en el \u00e1mbito de la inteligencia artificial (IA), PRISA Media ha firmado un acuerdo con Perplexity AI, un motor de b\u00fasqueda conversacional basado en la tecnolog\u00eda GPT de OpenAI. Este motor, valorado en 8.000 millones de d\u00f3lares y respaldado por inversores como Jeff Bezos, Nvidia y Telef\u00f3nica, se destaca por proporcionar respuestas en lenguaje natural respaldadas por fuentes verificadas.<\/p>\n<hr \/>\n<h2><strong>El Programa de Editores de Perplexity<\/strong><\/h2>\n<p>La colaboraci\u00f3n se enmarca en el Programa de Editores de Perplexity, que permite a grupos de comunicaci\u00f3n globales compartir sus contenidos con el buscador a cambio de una participaci\u00f3n en los ingresos publicitarios generados. Jessica Chan, representante de Perplexity, enfatiz\u00f3 la importancia de esta alianza para ofrecer respuestas objetivas y confiables a los usuarios.<\/p>\n<hr \/>\n<h2><strong>Transformaci\u00f3n digital en PRISA Media<\/strong><\/h2>\n<p>Bajo la direcci\u00f3n de Carlos N\u00fa\u00f1ez, presidente ejecutivo de PRISA Media, el grupo ha intensificado sus esfuerzos para adaptarse a la transformaci\u00f3n digital, buscando mejorar la distribuci\u00f3n y monetizaci\u00f3n de sus contenidos, ampliar su audiencia global y combatir la desinformaci\u00f3n en l\u00ednea. Este acuerdo con Perplexity AI se suma a otras iniciativas de PRISA Media para consolidar su liderazgo en el sector de la comunicaci\u00f3n en espa\u00f1ol.<\/p>\n<hr \/>\n<h2><strong>La IA como herramienta clave en la industria de medios<\/strong><\/h2>\n<p>La alianza tambi\u00e9n refleja una tendencia creciente en la industria de los medios, donde la integraci\u00f3n de tecnolog\u00edas avanzadas de IA se considera esencial para mantener la relevancia y competitividad en un entorno digital en constante evoluci\u00f3n. Al asociarse con Perplexity AI, PRISA Media no solo enriquece su oferta informativa, sino que tambi\u00e9n refuerza su compromiso con la innovaci\u00f3n y la calidad period\u00edstica.<\/p>\n<hr \/>\n<h2><strong>Un liderazgo consolidado en la era de la IA<\/strong><\/h2>\n<p>Este movimiento estrat\u00e9gico posiciona a PRISA Media a la vanguardia de la transformaci\u00f3n digital en el sector de los medios. La empresa aprovecha las capacidades de la inteligencia artificial para mejorar la experiencia del usuario y fortalecer la confianza en la informaci\u00f3n proporcionada, consolidando su posici\u00f3n como l\u00edder en el mercado de habla hispana.<\/p>\n<p style=\"font-size: 70%;\">Fuente: xataka<\/p>\n<p><a href=\"https:\/\/centro-cee.com\/web\/category\/noticias\/\">Atr\u00e1s<\/a><\/p>\n<hr \/>\n<h5><em>PRISA Media ampl\u00eda su liderazgo en IA<\/em><\/h5>\n","protected":false},"excerpt":{"rendered":"","protected":false},"author":2,"featured_media":1818,"comment_status":"closed","ping_status":"closed","sticky":false,"template":"","format":"standard","meta":{"footnotes":""},"categories":[1],"tags":[],"class_list":["post-1811","post","type-post","status-publish","format-standard","has-post-thumbnail","hentry","category-noticias"],"yoast_head":"<!-- This site is optimized with the Yoast SEO plugin v27.4 - https:\/\/yoast.com\/product\/yoast-seo-wordpress\/ -->\n<title>PRISA Media ampl\u00eda su liderazgo en IA<\/title>\n<meta name=\"description\" content=\"PRISA Media ampl\u00eda su liderazgo en IA al sellar un acuerdo con Perplexity. Un paso estrat\u00e9gico hacia la inteligencia artificial.\" \/>\n<meta name=\"robots\" content=\"index, follow, max-snippet:-1, max-image-preview:large, max-video-preview:-1\" \/>\n<link rel=\"canonical\" href=\"https:\/\/centro-cee.com\/web\/programacion-celular\/\" \/>\n<meta property=\"og:locale\" content=\"es_ES\" \/>\n<meta property=\"og:type\" content=\"article\" \/>\n<meta property=\"og:title\" content=\"PRISA Media ampl\u00eda su liderazgo en IA\" \/>\n<meta property=\"og:description\" content=\"PRISA Media ampl\u00eda su liderazgo en IA al sellar un acuerdo con Perplexity. Un paso estrat\u00e9gico hacia la inteligencia artificial.\" \/>\n<meta property=\"og:url\" content=\"https:\/\/centro-cee.com\/web\/programacion-celular\/\" \/>\n<meta property=\"og:site_name\" content=\"CEE Centro Europeo E-learning - Cursos online\" \/>\n<meta property=\"article:published_time\" content=\"2024-12-09T11:38:21+00:00\" \/>\n<meta property=\"article:modified_time\" content=\"2024-12-09T12:11:46+00:00\" \/>\n<meta property=\"og:image\" content=\"https:\/\/centro-cee.com\/web\/wp-content\/uploads\/2024\/12\/DALL\u00b7E-2024-12-09-13.11.08-A-visually-striking-cover-image-representing-innovation-in-media-and-artificial-intelligence.-The-image-features-a-futuristic-newsroom-with-digital-sc.webp\" \/>\n\t<meta property=\"og:image:width\" content=\"1024\" \/>\n\t<meta property=\"og:image:height\" content=\"1024\" \/>\n\t<meta property=\"og:image:type\" content=\"image\/webp\" \/>\n<meta name=\"author\" content=\"Edici\u00f3n\" \/>\n<meta name=\"twitter:card\" content=\"summary_large_image\" \/>\n<meta name=\"twitter:label1\" content=\"Escrito por\" \/>\n\t<meta name=\"twitter:data1\" content=\"Edici\u00f3n\" \/>\n\t<meta name=\"twitter:label2\" content=\"Tiempo de lectura\" \/>\n\t<meta name=\"twitter:data2\" content=\"2 minutos\" \/>\n<script type=\"application\/ld+json\" class=\"yoast-schema-graph\">{\"@context\":\"https:\\\/\\\/schema.org\",\"@graph\":[{\"@type\":\"Article\",\"@id\":\"https:\\\/\\\/centro-cee.com\\\/web\\\/programacion-celular\\\/#article\",\"isPartOf\":{\"@id\":\"https:\\\/\\\/centro-cee.com\\\/web\\\/programacion-celular\\\/\"},\"author\":{\"name\":\"Edici\u00f3n\",\"@id\":\"https:\\\/\\\/centro-cee.com\\\/web\\\/#\\\/schema\\\/person\\\/24bfbcbf6dc0b6bfac34beca30e9d1d6\"},\"headline\":\"PRISA Media ampl\u00eda su liderazgo en IA\",\"datePublished\":\"2024-12-09T11:38:21+00:00\",\"dateModified\":\"2024-12-09T12:11:46+00:00\",\"mainEntityOfPage\":{\"@id\":\"https:\\\/\\\/centro-cee.com\\\/web\\\/programacion-celular\\\/\"},\"wordCount\":415,\"publisher\":{\"@id\":\"https:\\\/\\\/centro-cee.com\\\/web\\\/#organization\"},\"image\":{\"@id\":\"https:\\\/\\\/centro-cee.com\\\/web\\\/programacion-celular\\\/#primaryimage\"},\"thumbnailUrl\":\"https:\\\/\\\/centro-cee.com\\\/web\\\/wp-content\\\/uploads\\\/2024\\\/12\\\/DALL\u00b7E-2024-12-09-13.11.08-A-visually-striking-cover-image-representing-innovation-in-media-and-artificial-intelligence.-The-image-features-a-futuristic-newsroom-with-digital-sc.webp\",\"articleSection\":[\"Noticias\"],\"inLanguage\":\"es\"},{\"@type\":\"WebPage\",\"@id\":\"https:\\\/\\\/centro-cee.com\\\/web\\\/programacion-celular\\\/\",\"url\":\"https:\\\/\\\/centro-cee.com\\\/web\\\/programacion-celular\\\/\",\"name\":\"PRISA Media ampl\u00eda su liderazgo en IA\",\"isPartOf\":{\"@id\":\"https:\\\/\\\/centro-cee.com\\\/web\\\/#website\"},\"primaryImageOfPage\":{\"@id\":\"https:\\\/\\\/centro-cee.com\\\/web\\\/programacion-celular\\\/#primaryimage\"},\"image\":{\"@id\":\"https:\\\/\\\/centro-cee.com\\\/web\\\/programacion-celular\\\/#primaryimage\"},\"thumbnailUrl\":\"https:\\\/\\\/centro-cee.com\\\/web\\\/wp-content\\\/uploads\\\/2024\\\/12\\\/DALL\u00b7E-2024-12-09-13.11.08-A-visually-striking-cover-image-representing-innovation-in-media-and-artificial-intelligence.-The-image-features-a-futuristic-newsroom-with-digital-sc.webp\",\"datePublished\":\"2024-12-09T11:38:21+00:00\",\"dateModified\":\"2024-12-09T12:11:46+00:00\",\"description\":\"PRISA Media ampl\u00eda su liderazgo en IA al sellar un acuerdo con Perplexity. Un paso estrat\u00e9gico hacia la inteligencia artificial.\",\"breadcrumb\":{\"@id\":\"https:\\\/\\\/centro-cee.com\\\/web\\\/programacion-celular\\\/#breadcrumb\"},\"inLanguage\":\"es\",\"potentialAction\":[{\"@type\":\"ReadAction\",\"target\":[\"https:\\\/\\\/centro-cee.com\\\/web\\\/programacion-celular\\\/\"]}]},{\"@type\":\"ImageObject\",\"inLanguage\":\"es\",\"@id\":\"https:\\\/\\\/centro-cee.com\\\/web\\\/programacion-celular\\\/#primaryimage\",\"url\":\"https:\\\/\\\/centro-cee.com\\\/web\\\/wp-content\\\/uploads\\\/2024\\\/12\\\/DALL\u00b7E-2024-12-09-13.11.08-A-visually-striking-cover-image-representing-innovation-in-media-and-artificial-intelligence.-The-image-features-a-futuristic-newsroom-with-digital-sc.webp\",\"contentUrl\":\"https:\\\/\\\/centro-cee.com\\\/web\\\/wp-content\\\/uploads\\\/2024\\\/12\\\/DALL\u00b7E-2024-12-09-13.11.08-A-visually-striking-cover-image-representing-innovation-in-media-and-artificial-intelligence.-The-image-features-a-futuristic-newsroom-with-digital-sc.webp\",\"width\":1024,\"height\":1024,\"caption\":\"PRISA Media ampl\u00eda su liderazgo en IA\"},{\"@type\":\"BreadcrumbList\",\"@id\":\"https:\\\/\\\/centro-cee.com\\\/web\\\/programacion-celular\\\/#breadcrumb\",\"itemListElement\":[{\"@type\":\"ListItem\",\"position\":1,\"name\":\"Portada\",\"item\":\"https:\\\/\\\/centro-cee.com\\\/web\\\/\"},{\"@type\":\"ListItem\",\"position\":2,\"name\":\"PRISA Media ampl\u00eda su liderazgo en IA\"}]},{\"@type\":\"WebSite\",\"@id\":\"https:\\\/\\\/centro-cee.com\\\/web\\\/#website\",\"url\":\"https:\\\/\\\/centro-cee.com\\\/web\\\/\",\"name\":\"Centro Europeo E-learning\",\"description\":\"CEE Formaci\u00f3n Online\",\"publisher\":{\"@id\":\"https:\\\/\\\/centro-cee.com\\\/web\\\/#organization\"},\"alternateName\":\"Centro Online de Formaci\u00f3n\",\"potentialAction\":[{\"@type\":\"SearchAction\",\"target\":{\"@type\":\"EntryPoint\",\"urlTemplate\":\"https:\\\/\\\/centro-cee.com\\\/web\\\/?s={search_term_string}\"},\"query-input\":{\"@type\":\"PropertyValueSpecification\",\"valueRequired\":true,\"valueName\":\"search_term_string\"}}],\"inLanguage\":\"es\"},{\"@type\":\"Organization\",\"@id\":\"https:\\\/\\\/centro-cee.com\\\/web\\\/#organization\",\"name\":\"Centro Europeo E-learning CEE\",\"url\":\"https:\\\/\\\/centro-cee.com\\\/web\\\/\",\"logo\":{\"@type\":\"ImageObject\",\"inLanguage\":\"es\",\"@id\":\"https:\\\/\\\/centro-cee.com\\\/web\\\/#\\\/schema\\\/logo\\\/image\\\/\",\"url\":\"https:\\\/\\\/centro-cee.com\\\/web\\\/wp-content\\\/uploads\\\/2022\\\/12\\\/cropped-logo_educa.png\",\"contentUrl\":\"https:\\\/\\\/centro-cee.com\\\/web\\\/wp-content\\\/uploads\\\/2022\\\/12\\\/cropped-logo_educa.png\",\"width\":157,\"height\":63,\"caption\":\"Centro Europeo E-learning CEE\"},\"image\":{\"@id\":\"https:\\\/\\\/centro-cee.com\\\/web\\\/#\\\/schema\\\/logo\\\/image\\\/\"},\"sameAs\":[\"https:\\\/\\\/www.instagram.com\\\/centroeuropeo_cee\"]},{\"@type\":\"Person\",\"@id\":\"https:\\\/\\\/centro-cee.com\\\/web\\\/#\\\/schema\\\/person\\\/24bfbcbf6dc0b6bfac34beca30e9d1d6\",\"name\":\"Edici\u00f3n\",\"image\":{\"@type\":\"ImageObject\",\"inLanguage\":\"es\",\"@id\":\"https:\\\/\\\/secure.gravatar.com\\\/avatar\\\/0a624005c10688edf13034d7c3734e8b9f3bf7083d2ca657e150b27a6bb4ba18?s=96&d=mm&r=g\",\"url\":\"https:\\\/\\\/secure.gravatar.com\\\/avatar\\\/0a624005c10688edf13034d7c3734e8b9f3bf7083d2ca657e150b27a6bb4ba18?s=96&d=mm&r=g\",\"contentUrl\":\"https:\\\/\\\/secure.gravatar.com\\\/avatar\\\/0a624005c10688edf13034d7c3734e8b9f3bf7083d2ca657e150b27a6bb4ba18?s=96&d=mm&r=g\",\"caption\":\"Edici\u00f3n\"},\"url\":\"https:\\\/\\\/centro-cee.com\\\/web\\\/author\\\/edicion\\\/\"}]}<\/script>\n<!-- \/ Yoast SEO plugin. -->","yoast_head_json":{"title":"PRISA Media ampl\u00eda su liderazgo en IA","description":"PRISA Media ampl\u00eda su liderazgo en IA al sellar un acuerdo con Perplexity. Un paso estrat\u00e9gico hacia la inteligencia artificial.","robots":{"index":"index","follow":"follow","max-snippet":"max-snippet:-1","max-image-preview":"max-image-preview:large","max-video-preview":"max-video-preview:-1"},"canonical":"https:\/\/centro-cee.com\/web\/programacion-celular\/","og_locale":"es_ES","og_type":"article","og_title":"PRISA Media ampl\u00eda su liderazgo en IA","og_description":"PRISA Media ampl\u00eda su liderazgo en IA al sellar un acuerdo con Perplexity. Un paso estrat\u00e9gico hacia la inteligencia artificial.","og_url":"https:\/\/centro-cee.com\/web\/programacion-celular\/","og_site_name":"CEE Centro Europeo E-learning - Cursos online","article_published_time":"2024-12-09T11:38:21+00:00","article_modified_time":"2024-12-09T12:11:46+00:00","og_image":[{"width":1024,"height":1024,"url":"https:\/\/centro-cee.com\/web\/wp-content\/uploads\/2024\/12\/DALL\u00b7E-2024-12-09-13.11.08-A-visually-striking-cover-image-representing-innovation-in-media-and-artificial-intelligence.-The-image-features-a-futuristic-newsroom-with-digital-sc.webp","type":"image\/webp"}],"author":"Edici\u00f3n","twitter_card":"summary_large_image","twitter_misc":{"Escrito por":"Edici\u00f3n","Tiempo de lectura":"2 minutos"},"schema":{"@context":"https:\/\/schema.org","@graph":[{"@type":"Article","@id":"https:\/\/centro-cee.com\/web\/programacion-celular\/#article","isPartOf":{"@id":"https:\/\/centro-cee.com\/web\/programacion-celular\/"},"author":{"name":"Edici\u00f3n","@id":"https:\/\/centro-cee.com\/web\/#\/schema\/person\/24bfbcbf6dc0b6bfac34beca30e9d1d6"},"headline":"PRISA Media ampl\u00eda su liderazgo en IA","datePublished":"2024-12-09T11:38:21+00:00","dateModified":"2024-12-09T12:11:46+00:00","mainEntityOfPage":{"@id":"https:\/\/centro-cee.com\/web\/programacion-celular\/"},"wordCount":415,"publisher":{"@id":"https:\/\/centro-cee.com\/web\/#organization"},"image":{"@id":"https:\/\/centro-cee.com\/web\/programacion-celular\/#primaryimage"},"thumbnailUrl":"https:\/\/centro-cee.com\/web\/wp-content\/uploads\/2024\/12\/DALL\u00b7E-2024-12-09-13.11.08-A-visually-striking-cover-image-representing-innovation-in-media-and-artificial-intelligence.-The-image-features-a-futuristic-newsroom-with-digital-sc.webp","articleSection":["Noticias"],"inLanguage":"es"},{"@type":"WebPage","@id":"https:\/\/centro-cee.com\/web\/programacion-celular\/","url":"https:\/\/centro-cee.com\/web\/programacion-celular\/","name":"PRISA Media ampl\u00eda su liderazgo en IA","isPartOf":{"@id":"https:\/\/centro-cee.com\/web\/#website"},"primaryImageOfPage":{"@id":"https:\/\/centro-cee.com\/web\/programacion-celular\/#primaryimage"},"image":{"@id":"https:\/\/centro-cee.com\/web\/programacion-celular\/#primaryimage"},"thumbnailUrl":"https:\/\/centro-cee.com\/web\/wp-content\/uploads\/2024\/12\/DALL\u00b7E-2024-12-09-13.11.08-A-visually-striking-cover-image-representing-innovation-in-media-and-artificial-intelligence.-The-image-features-a-futuristic-newsroom-with-digital-sc.webp","datePublished":"2024-12-09T11:38:21+00:00","dateModified":"2024-12-09T12:11:46+00:00","description":"PRISA Media ampl\u00eda su liderazgo en IA al sellar un acuerdo con Perplexity. Un paso estrat\u00e9gico hacia la inteligencia artificial.","breadcrumb":{"@id":"https:\/\/centro-cee.com\/web\/programacion-celular\/#breadcrumb"},"inLanguage":"es","potentialAction":[{"@type":"ReadAction","target":["https:\/\/centro-cee.com\/web\/programacion-celular\/"]}]},{"@type":"ImageObject","inLanguage":"es","@id":"https:\/\/centro-cee.com\/web\/programacion-celular\/#primaryimage","url":"https:\/\/centro-cee.com\/web\/wp-content\/uploads\/2024\/12\/DALL\u00b7E-2024-12-09-13.11.08-A-visually-striking-cover-image-representing-innovation-in-media-and-artificial-intelligence.-The-image-features-a-futuristic-newsroom-with-digital-sc.webp","contentUrl":"https:\/\/centro-cee.com\/web\/wp-content\/uploads\/2024\/12\/DALL\u00b7E-2024-12-09-13.11.08-A-visually-striking-cover-image-representing-innovation-in-media-and-artificial-intelligence.-The-image-features-a-futuristic-newsroom-with-digital-sc.webp","width":1024,"height":1024,"caption":"PRISA Media ampl\u00eda su liderazgo en IA"},{"@type":"BreadcrumbList","@id":"https:\/\/centro-cee.com\/web\/programacion-celular\/#breadcrumb","itemListElement":[{"@type":"ListItem","position":1,"name":"Portada","item":"https:\/\/centro-cee.com\/web\/"},{"@type":"ListItem","position":2,"name":"PRISA Media ampl\u00eda su liderazgo en IA"}]},{"@type":"WebSite","@id":"https:\/\/centro-cee.com\/web\/#website","url":"https:\/\/centro-cee.com\/web\/","name":"Centro Europeo E-learning","description":"CEE Formaci\u00f3n Online","publisher":{"@id":"https:\/\/centro-cee.com\/web\/#organization"},"alternateName":"Centro Online de Formaci\u00f3n","potentialAction":[{"@type":"SearchAction","target":{"@type":"EntryPoint","urlTemplate":"https:\/\/centro-cee.com\/web\/?s={search_term_string}"},"query-input":{"@type":"PropertyValueSpecification","valueRequired":true,"valueName":"search_term_string"}}],"inLanguage":"es"},{"@type":"Organization","@id":"https:\/\/centro-cee.com\/web\/#organization","name":"Centro Europeo E-learning CEE","url":"https:\/\/centro-cee.com\/web\/","logo":{"@type":"ImageObject","inLanguage":"es","@id":"https:\/\/centro-cee.com\/web\/#\/schema\/logo\/image\/","url":"https:\/\/centro-cee.com\/web\/wp-content\/uploads\/2022\/12\/cropped-logo_educa.png","contentUrl":"https:\/\/centro-cee.com\/web\/wp-content\/uploads\/2022\/12\/cropped-logo_educa.png","width":157,"height":63,"caption":"Centro Europeo E-learning CEE"},"image":{"@id":"https:\/\/centro-cee.com\/web\/#\/schema\/logo\/image\/"},"sameAs":["https:\/\/www.instagram.com\/centroeuropeo_cee"]},{"@type":"Person","@id":"https:\/\/centro-cee.com\/web\/#\/schema\/person\/24bfbcbf6dc0b6bfac34beca30e9d1d6","name":"Edici\u00f3n","image":{"@type":"ImageObject","inLanguage":"es","@id":"https:\/\/secure.gravatar.com\/avatar\/0a624005c10688edf13034d7c3734e8b9f3bf7083d2ca657e150b27a6bb4ba18?s=96&d=mm&r=g","url":"https:\/\/secure.gravatar.com\/avatar\/0a624005c10688edf13034d7c3734e8b9f3bf7083d2ca657e150b27a6bb4ba18?s=96&d=mm&r=g","contentUrl":"https:\/\/secure.gravatar.com\/avatar\/0a624005c10688edf13034d7c3734e8b9f3bf7083d2ca657e150b27a6bb4ba18?s=96&d=mm&r=g","caption":"Edici\u00f3n"},"url":"https:\/\/centro-cee.com\/web\/author\/edicion\/"}]}},"_links":{"self":[{"href":"https:\/\/centro-cee.com\/web\/wp-json\/wp\/v2\/posts\/1811","targetHints":{"allow":["GET"]}}],"collection":[{"href":"https:\/\/centro-cee.com\/web\/wp-json\/wp\/v2\/posts"}],"about":[{"href":"https:\/\/centro-cee.com\/web\/wp-json\/wp\/v2\/types\/post"}],"author":[{"embeddable":true,"href":"https:\/\/centro-cee.com\/web\/wp-json\/wp\/v2\/users\/2"}],"replies":[{"embeddable":true,"href":"https:\/\/centro-cee.com\/web\/wp-json\/wp\/v2\/comments?post=1811"}],"version-history":[{"count":3,"href":"https:\/\/centro-cee.com\/web\/wp-json\/wp\/v2\/posts\/1811\/revisions"}],"predecessor-version":[{"id":1819,"href":"https:\/\/centro-cee.com\/web\/wp-json\/wp\/v2\/posts\/1811\/revisions\/1819"}],"wp:featuredmedia":[{"embeddable":true,"href":"https:\/\/centro-cee.com\/web\/wp-json\/wp\/v2\/media\/1818"}],"wp:attachment":[{"href":"https:\/\/centro-cee.com\/web\/wp-json\/wp\/v2\/media?parent=1811"}],"wp:term":[{"taxonomy":"category","embeddable":true,"href":"https:\/\/centro-cee.com\/web\/wp-json\/wp\/v2\/categories?post=1811"},{"taxonomy":"post_tag","embeddable":true,"href":"https:\/\/centro-cee.com\/web\/wp-json\/wp\/v2\/tags?post=1811"}],"curies":[{"name":"wp","href":"https:\/\/api.w.org\/{rel}","templated":true}]}}