{"id":1548,"date":"2024-01-22T12:41:22","date_gmt":"2024-01-22T12:41:22","guid":{"rendered":"https:\/\/centro-cee.com\/web\/?p=1548"},"modified":"2024-02-15T09:22:47","modified_gmt":"2024-02-15T09:22:47","slug":"apple-supera-a-samsung-por-primera-vez-en-13-anos","status":"publish","type":"post","link":"https:\/\/centro-cee.com\/web\/apple-supera-a-samsung-por-primera-vez-en-13-anos\/","title":{"rendered":"Apple supera a Samsung por primera vez en 13 a\u00f1os"},"content":{"rendered":"<p><!--more--><\/p>\n<h5>Apple supera a Samsung por primera vez en 13 a\u00f1os<\/h5>\n<h2><strong>Apple Supera a Samsung y se Corona como L\u00edder en Ventas de Smartphones por Primera Vez en 13 A\u00f1os, seg\u00fan Informe de IDC<\/strong><\/h2>\n<p>En un giro significativo para el mercado de smartphones, Apple ha tomado la delantera sobre Samsung como el principal vendedor de m\u00f3viles por primera vez desde 2010, de acuerdo con el informe de IDC. En 2023, el mercado global experiment\u00f3 una reducci\u00f3n del 3.2% en ventas, marcando el menor volumen anual en una d\u00e9cada. Apple alcanz\u00f3 una cuota de mercado del 20%, superando su 18.8% anterior, con m\u00e1s de 234 millones de tel\u00e9fonos vendidos. Por su parte, Samsung vendi\u00f3 226.6 millones de unidades, con una cuota de mercado del 19.4%, una disminuci\u00f3n desde su liderazgo en 2022 con el 21.7%. Xiaomi, OPPO y Transsion siguen en el ranking, mientras que otros vendedores representan el 31% de las ventas.<\/p>\n<h2>Apple Domina el Segmento de Gama Alta y Supera a Rivales en el Mercado Global<\/h2>\n<p>Nabila Popal, l\u00edder del equipo de investigaci\u00f3n Worldwide Tracker en IDC, comenta: \u00abEn la segunda mitad de 2023, aunque marcas de Android de bajo coste como Transsion y Xiaomi han registrado un crecimiento estable, Apple ha destacado como el principal vencedor. Esta marca no solo ha logrado un aumento en sus ventas a\u00f1o tras a\u00f1o, sino que tambi\u00e9n ha ocupado la posici\u00f3n l\u00edder por primera vez, superando obst\u00e1culos regulatorios y la fuerte competencia de Huawei en China\u00bb. Popal atribuye el \u00e9xito sostenido de Apple a la tendencia creciente hacia dispositivos de gama alta, que ahora representan m\u00e1s del 20% del mercado. Adem\u00e1s, resalta las t\u00e1cticas estrat\u00e9gicas de la empresa, como los planes de financiamiento sin inter\u00e9s, como elementos cruciales para fomentar la adopci\u00f3n de estos dispositivos de alta gama.<\/p>\n<h2>IDC Predice Recuperaci\u00f3n del Mercado de Smartphones en 2024 Impulsada por Innovaciones y Competencia Intensa<\/h2>\n<p>IDC resalta que firmas como Huawei, OnePlus, Honor, Google y otras est\u00e1n logrando progresos notables en el ecosistema Android, particularmente en el segmento econ\u00f3mico de los dispositivos de gama alta. La empresa de an\u00e1lisis prev\u00e9 una significativa recuperaci\u00f3n del mercado en 2024, apoyada por un s\u00f3lido crecimiento en la segunda mitad de 2023. Solamente en el cuarto trimestre de 2023 (4Q23), se observ\u00f3 un aumento del 8,5% en ventas, alcanzando los 326,1 millones de unidades y superando las expectativas de crecimiento del 7,3%. El auge de los tel\u00e9fonos plegables y el creciente enfoque en las capacidades de inteligencia artificial en los smartphones impulsar\u00e1n a\u00fan m\u00e1s el mercado, seg\u00fan IDC. \u201cEl cambio notable en las posiciones de liderazgo en el mercado subraya la intensa competencia en el \u00e1mbito de los smartphones\u201d, afirma Ryan Reith, vicepresidente de IDC. \u201cEstamos presenciando una fase muy interesante en este sector, con una variedad de jugadores y caracter\u00edsticas innovadoras que est\u00e1n moldeando el futuro de los dispositivos electr\u00f3nicos de consumo\u201d.<\/p>\n<p style=\"font-size: 70%;\">Fuente: elpais<\/p>\n<p><a href=\"https:\/\/centro-cee.com\/web\/category\/noticias\/\">Atr\u00e1s<\/a><\/p>\n<hr \/>\n<h5><em>Apple supera a Samsung por primera vez en 13 a\u00f1os<\/em><\/h5>\n","protected":false},"excerpt":{"rendered":"","protected":false},"author":2,"featured_media":1549,"comment_status":"closed","ping_status":"closed","sticky":false,"template":"","format":"standard","meta":{"footnotes":""},"categories":[1],"tags":[],"class_list":["post-1548","post","type-post","status-publish","format-standard","has-post-thumbnail","hentry","category-noticias"],"yoast_head":"<!-- This site is optimized with the Yoast SEO plugin v27.5 - https:\/\/yoast.com\/product\/yoast-seo-wordpress\/ -->\n<title>Apple supera a Samsung por primera vez en 13 a\u00f1os<\/title>\n<meta name=\"description\" content=\"Apple supera a Samsung por primera vez en 13 a\u00f1os como primera marca de m\u00f3viles, comentamos lo que ha ocurrido.\" \/>\n<meta name=\"robots\" content=\"index, follow, max-snippet:-1, max-image-preview:large, max-video-preview:-1\" \/>\n<link rel=\"canonical\" href=\"https:\/\/centro-cee.com\/web\/apple-supera-a-samsung-por-primera-vez-en-13-anos\/\" \/>\n<meta property=\"og:locale\" content=\"es_ES\" \/>\n<meta property=\"og:type\" content=\"article\" \/>\n<meta property=\"og:title\" content=\"Apple supera a Samsung por primera vez en 13 a\u00f1os\" \/>\n<meta property=\"og:description\" content=\"Apple supera a Samsung por primera vez en 13 a\u00f1os como primera marca de m\u00f3viles, comentamos lo que ha ocurrido.\" \/>\n<meta property=\"og:url\" content=\"https:\/\/centro-cee.com\/web\/apple-supera-a-samsung-por-primera-vez-en-13-anos\/\" \/>\n<meta property=\"og:site_name\" content=\"CEE Centro Europeo E-learning - Cursos online\" \/>\n<meta property=\"article:published_time\" content=\"2024-01-22T12:41:22+00:00\" \/>\n<meta property=\"article:modified_time\" content=\"2024-02-15T09:22:47+00:00\" \/>\n<meta property=\"og:image\" content=\"https:\/\/centro-cee.com\/web\/wp-content\/uploads\/2024\/01\/C6666663aptura.png\" \/>\n\t<meta property=\"og:image:width\" content=\"624\" \/>\n\t<meta property=\"og:image:height\" content=\"419\" \/>\n\t<meta property=\"og:image:type\" content=\"image\/png\" \/>\n<meta name=\"author\" content=\"Edici\u00f3n\" \/>\n<meta name=\"twitter:card\" content=\"summary_large_image\" \/>\n<meta name=\"twitter:label1\" content=\"Escrito por\" \/>\n\t<meta name=\"twitter:data1\" content=\"Edici\u00f3n\" \/>\n\t<meta name=\"twitter:label2\" content=\"Tiempo de lectura\" \/>\n\t<meta name=\"twitter:data2\" content=\"3 minutos\" \/>\n<script type=\"application\/ld+json\" class=\"yoast-schema-graph\">{\"@context\":\"https:\\\/\\\/schema.org\",\"@graph\":[{\"@type\":\"Article\",\"@id\":\"https:\\\/\\\/centro-cee.com\\\/web\\\/apple-supera-a-samsung-por-primera-vez-en-13-anos\\\/#article\",\"isPartOf\":{\"@id\":\"https:\\\/\\\/centro-cee.com\\\/web\\\/apple-supera-a-samsung-por-primera-vez-en-13-anos\\\/\"},\"author\":{\"name\":\"Edici\u00f3n\",\"@id\":\"https:\\\/\\\/centro-cee.com\\\/web\\\/#\\\/schema\\\/person\\\/24bfbcbf6dc0b6bfac34beca30e9d1d6\"},\"headline\":\"Apple supera a Samsung por primera vez en 13 a\u00f1os\",\"datePublished\":\"2024-01-22T12:41:22+00:00\",\"dateModified\":\"2024-02-15T09:22:47+00:00\",\"mainEntityOfPage\":{\"@id\":\"https:\\\/\\\/centro-cee.com\\\/web\\\/apple-supera-a-samsung-por-primera-vez-en-13-anos\\\/\"},\"wordCount\":514,\"publisher\":{\"@id\":\"https:\\\/\\\/centro-cee.com\\\/web\\\/#organization\"},\"image\":{\"@id\":\"https:\\\/\\\/centro-cee.com\\\/web\\\/apple-supera-a-samsung-por-primera-vez-en-13-anos\\\/#primaryimage\"},\"thumbnailUrl\":\"https:\\\/\\\/centro-cee.com\\\/web\\\/wp-content\\\/uploads\\\/2024\\\/01\\\/C6666663aptura.png\",\"articleSection\":[\"Noticias\"],\"inLanguage\":\"es\"},{\"@type\":\"WebPage\",\"@id\":\"https:\\\/\\\/centro-cee.com\\\/web\\\/apple-supera-a-samsung-por-primera-vez-en-13-anos\\\/\",\"url\":\"https:\\\/\\\/centro-cee.com\\\/web\\\/apple-supera-a-samsung-por-primera-vez-en-13-anos\\\/\",\"name\":\"Apple supera a Samsung por primera vez en 13 a\u00f1os\",\"isPartOf\":{\"@id\":\"https:\\\/\\\/centro-cee.com\\\/web\\\/#website\"},\"primaryImageOfPage\":{\"@id\":\"https:\\\/\\\/centro-cee.com\\\/web\\\/apple-supera-a-samsung-por-primera-vez-en-13-anos\\\/#primaryimage\"},\"image\":{\"@id\":\"https:\\\/\\\/centro-cee.com\\\/web\\\/apple-supera-a-samsung-por-primera-vez-en-13-anos\\\/#primaryimage\"},\"thumbnailUrl\":\"https:\\\/\\\/centro-cee.com\\\/web\\\/wp-content\\\/uploads\\\/2024\\\/01\\\/C6666663aptura.png\",\"datePublished\":\"2024-01-22T12:41:22+00:00\",\"dateModified\":\"2024-02-15T09:22:47+00:00\",\"description\":\"Apple supera a Samsung por primera vez en 13 a\u00f1os como primera marca de m\u00f3viles, comentamos lo que ha ocurrido.\",\"breadcrumb\":{\"@id\":\"https:\\\/\\\/centro-cee.com\\\/web\\\/apple-supera-a-samsung-por-primera-vez-en-13-anos\\\/#breadcrumb\"},\"inLanguage\":\"es\",\"potentialAction\":[{\"@type\":\"ReadAction\",\"target\":[\"https:\\\/\\\/centro-cee.com\\\/web\\\/apple-supera-a-samsung-por-primera-vez-en-13-anos\\\/\"]}]},{\"@type\":\"ImageObject\",\"inLanguage\":\"es\",\"@id\":\"https:\\\/\\\/centro-cee.com\\\/web\\\/apple-supera-a-samsung-por-primera-vez-en-13-anos\\\/#primaryimage\",\"url\":\"https:\\\/\\\/centro-cee.com\\\/web\\\/wp-content\\\/uploads\\\/2024\\\/01\\\/C6666663aptura.png\",\"contentUrl\":\"https:\\\/\\\/centro-cee.com\\\/web\\\/wp-content\\\/uploads\\\/2024\\\/01\\\/C6666663aptura.png\",\"width\":624,\"height\":419,\"caption\":\"Apple supera a Samsung por primera vez en 13 a\u00f1os\"},{\"@type\":\"BreadcrumbList\",\"@id\":\"https:\\\/\\\/centro-cee.com\\\/web\\\/apple-supera-a-samsung-por-primera-vez-en-13-anos\\\/#breadcrumb\",\"itemListElement\":[{\"@type\":\"ListItem\",\"position\":1,\"name\":\"Portada\",\"item\":\"https:\\\/\\\/centro-cee.com\\\/web\\\/\"},{\"@type\":\"ListItem\",\"position\":2,\"name\":\"Apple supera a Samsung por primera vez en 13 a\u00f1os\"}]},{\"@type\":\"WebSite\",\"@id\":\"https:\\\/\\\/centro-cee.com\\\/web\\\/#website\",\"url\":\"https:\\\/\\\/centro-cee.com\\\/web\\\/\",\"name\":\"Centro Europeo E-learning\",\"description\":\"CEE Formaci\u00f3n Online\",\"publisher\":{\"@id\":\"https:\\\/\\\/centro-cee.com\\\/web\\\/#organization\"},\"alternateName\":\"Centro Online de Formaci\u00f3n\",\"potentialAction\":[{\"@type\":\"SearchAction\",\"target\":{\"@type\":\"EntryPoint\",\"urlTemplate\":\"https:\\\/\\\/centro-cee.com\\\/web\\\/?s={search_term_string}\"},\"query-input\":{\"@type\":\"PropertyValueSpecification\",\"valueRequired\":true,\"valueName\":\"search_term_string\"}}],\"inLanguage\":\"es\"},{\"@type\":\"Organization\",\"@id\":\"https:\\\/\\\/centro-cee.com\\\/web\\\/#organization\",\"name\":\"Centro Europeo E-learning CEE\",\"url\":\"https:\\\/\\\/centro-cee.com\\\/web\\\/\",\"logo\":{\"@type\":\"ImageObject\",\"inLanguage\":\"es\",\"@id\":\"https:\\\/\\\/centro-cee.com\\\/web\\\/#\\\/schema\\\/logo\\\/image\\\/\",\"url\":\"https:\\\/\\\/centro-cee.com\\\/web\\\/wp-content\\\/uploads\\\/2022\\\/12\\\/cropped-logo_educa.png\",\"contentUrl\":\"https:\\\/\\\/centro-cee.com\\\/web\\\/wp-content\\\/uploads\\\/2022\\\/12\\\/cropped-logo_educa.png\",\"width\":157,\"height\":63,\"caption\":\"Centro Europeo E-learning CEE\"},\"image\":{\"@id\":\"https:\\\/\\\/centro-cee.com\\\/web\\\/#\\\/schema\\\/logo\\\/image\\\/\"},\"sameAs\":[\"https:\\\/\\\/www.instagram.com\\\/centroeuropeo_cee\"]},{\"@type\":\"Person\",\"@id\":\"https:\\\/\\\/centro-cee.com\\\/web\\\/#\\\/schema\\\/person\\\/24bfbcbf6dc0b6bfac34beca30e9d1d6\",\"name\":\"Edici\u00f3n\",\"image\":{\"@type\":\"ImageObject\",\"inLanguage\":\"es\",\"@id\":\"https:\\\/\\\/secure.gravatar.com\\\/avatar\\\/0a624005c10688edf13034d7c3734e8b9f3bf7083d2ca657e150b27a6bb4ba18?s=96&d=mm&r=g\",\"url\":\"https:\\\/\\\/secure.gravatar.com\\\/avatar\\\/0a624005c10688edf13034d7c3734e8b9f3bf7083d2ca657e150b27a6bb4ba18?s=96&d=mm&r=g\",\"contentUrl\":\"https:\\\/\\\/secure.gravatar.com\\\/avatar\\\/0a624005c10688edf13034d7c3734e8b9f3bf7083d2ca657e150b27a6bb4ba18?s=96&d=mm&r=g\",\"caption\":\"Edici\u00f3n\"},\"url\":\"https:\\\/\\\/centro-cee.com\\\/web\\\/author\\\/edicion\\\/\"}]}<\/script>\n<!-- \/ Yoast SEO plugin. -->","yoast_head_json":{"title":"Apple supera a Samsung por primera vez en 13 a\u00f1os","description":"Apple supera a Samsung por primera vez en 13 a\u00f1os como primera marca de m\u00f3viles, comentamos lo que ha ocurrido.","robots":{"index":"index","follow":"follow","max-snippet":"max-snippet:-1","max-image-preview":"max-image-preview:large","max-video-preview":"max-video-preview:-1"},"canonical":"https:\/\/centro-cee.com\/web\/apple-supera-a-samsung-por-primera-vez-en-13-anos\/","og_locale":"es_ES","og_type":"article","og_title":"Apple supera a Samsung por primera vez en 13 a\u00f1os","og_description":"Apple supera a Samsung por primera vez en 13 a\u00f1os como primera marca de m\u00f3viles, comentamos lo que ha ocurrido.","og_url":"https:\/\/centro-cee.com\/web\/apple-supera-a-samsung-por-primera-vez-en-13-anos\/","og_site_name":"CEE Centro Europeo E-learning - Cursos online","article_published_time":"2024-01-22T12:41:22+00:00","article_modified_time":"2024-02-15T09:22:47+00:00","og_image":[{"width":624,"height":419,"url":"https:\/\/centro-cee.com\/web\/wp-content\/uploads\/2024\/01\/C6666663aptura.png","type":"image\/png"}],"author":"Edici\u00f3n","twitter_card":"summary_large_image","twitter_misc":{"Escrito por":"Edici\u00f3n","Tiempo de lectura":"3 minutos"},"schema":{"@context":"https:\/\/schema.org","@graph":[{"@type":"Article","@id":"https:\/\/centro-cee.com\/web\/apple-supera-a-samsung-por-primera-vez-en-13-anos\/#article","isPartOf":{"@id":"https:\/\/centro-cee.com\/web\/apple-supera-a-samsung-por-primera-vez-en-13-anos\/"},"author":{"name":"Edici\u00f3n","@id":"https:\/\/centro-cee.com\/web\/#\/schema\/person\/24bfbcbf6dc0b6bfac34beca30e9d1d6"},"headline":"Apple supera a Samsung por primera vez en 13 a\u00f1os","datePublished":"2024-01-22T12:41:22+00:00","dateModified":"2024-02-15T09:22:47+00:00","mainEntityOfPage":{"@id":"https:\/\/centro-cee.com\/web\/apple-supera-a-samsung-por-primera-vez-en-13-anos\/"},"wordCount":514,"publisher":{"@id":"https:\/\/centro-cee.com\/web\/#organization"},"image":{"@id":"https:\/\/centro-cee.com\/web\/apple-supera-a-samsung-por-primera-vez-en-13-anos\/#primaryimage"},"thumbnailUrl":"https:\/\/centro-cee.com\/web\/wp-content\/uploads\/2024\/01\/C6666663aptura.png","articleSection":["Noticias"],"inLanguage":"es"},{"@type":"WebPage","@id":"https:\/\/centro-cee.com\/web\/apple-supera-a-samsung-por-primera-vez-en-13-anos\/","url":"https:\/\/centro-cee.com\/web\/apple-supera-a-samsung-por-primera-vez-en-13-anos\/","name":"Apple supera a Samsung por primera vez en 13 a\u00f1os","isPartOf":{"@id":"https:\/\/centro-cee.com\/web\/#website"},"primaryImageOfPage":{"@id":"https:\/\/centro-cee.com\/web\/apple-supera-a-samsung-por-primera-vez-en-13-anos\/#primaryimage"},"image":{"@id":"https:\/\/centro-cee.com\/web\/apple-supera-a-samsung-por-primera-vez-en-13-anos\/#primaryimage"},"thumbnailUrl":"https:\/\/centro-cee.com\/web\/wp-content\/uploads\/2024\/01\/C6666663aptura.png","datePublished":"2024-01-22T12:41:22+00:00","dateModified":"2024-02-15T09:22:47+00:00","description":"Apple supera a Samsung por primera vez en 13 a\u00f1os como primera marca de m\u00f3viles, comentamos lo que ha ocurrido.","breadcrumb":{"@id":"https:\/\/centro-cee.com\/web\/apple-supera-a-samsung-por-primera-vez-en-13-anos\/#breadcrumb"},"inLanguage":"es","potentialAction":[{"@type":"ReadAction","target":["https:\/\/centro-cee.com\/web\/apple-supera-a-samsung-por-primera-vez-en-13-anos\/"]}]},{"@type":"ImageObject","inLanguage":"es","@id":"https:\/\/centro-cee.com\/web\/apple-supera-a-samsung-por-primera-vez-en-13-anos\/#primaryimage","url":"https:\/\/centro-cee.com\/web\/wp-content\/uploads\/2024\/01\/C6666663aptura.png","contentUrl":"https:\/\/centro-cee.com\/web\/wp-content\/uploads\/2024\/01\/C6666663aptura.png","width":624,"height":419,"caption":"Apple supera a Samsung por primera vez en 13 a\u00f1os"},{"@type":"BreadcrumbList","@id":"https:\/\/centro-cee.com\/web\/apple-supera-a-samsung-por-primera-vez-en-13-anos\/#breadcrumb","itemListElement":[{"@type":"ListItem","position":1,"name":"Portada","item":"https:\/\/centro-cee.com\/web\/"},{"@type":"ListItem","position":2,"name":"Apple supera a Samsung por primera vez en 13 a\u00f1os"}]},{"@type":"WebSite","@id":"https:\/\/centro-cee.com\/web\/#website","url":"https:\/\/centro-cee.com\/web\/","name":"Centro Europeo E-learning","description":"CEE Formaci\u00f3n Online","publisher":{"@id":"https:\/\/centro-cee.com\/web\/#organization"},"alternateName":"Centro Online de Formaci\u00f3n","potentialAction":[{"@type":"SearchAction","target":{"@type":"EntryPoint","urlTemplate":"https:\/\/centro-cee.com\/web\/?s={search_term_string}"},"query-input":{"@type":"PropertyValueSpecification","valueRequired":true,"valueName":"search_term_string"}}],"inLanguage":"es"},{"@type":"Organization","@id":"https:\/\/centro-cee.com\/web\/#organization","name":"Centro Europeo E-learning CEE","url":"https:\/\/centro-cee.com\/web\/","logo":{"@type":"ImageObject","inLanguage":"es","@id":"https:\/\/centro-cee.com\/web\/#\/schema\/logo\/image\/","url":"https:\/\/centro-cee.com\/web\/wp-content\/uploads\/2022\/12\/cropped-logo_educa.png","contentUrl":"https:\/\/centro-cee.com\/web\/wp-content\/uploads\/2022\/12\/cropped-logo_educa.png","width":157,"height":63,"caption":"Centro Europeo E-learning CEE"},"image":{"@id":"https:\/\/centro-cee.com\/web\/#\/schema\/logo\/image\/"},"sameAs":["https:\/\/www.instagram.com\/centroeuropeo_cee"]},{"@type":"Person","@id":"https:\/\/centro-cee.com\/web\/#\/schema\/person\/24bfbcbf6dc0b6bfac34beca30e9d1d6","name":"Edici\u00f3n","image":{"@type":"ImageObject","inLanguage":"es","@id":"https:\/\/secure.gravatar.com\/avatar\/0a624005c10688edf13034d7c3734e8b9f3bf7083d2ca657e150b27a6bb4ba18?s=96&d=mm&r=g","url":"https:\/\/secure.gravatar.com\/avatar\/0a624005c10688edf13034d7c3734e8b9f3bf7083d2ca657e150b27a6bb4ba18?s=96&d=mm&r=g","contentUrl":"https:\/\/secure.gravatar.com\/avatar\/0a624005c10688edf13034d7c3734e8b9f3bf7083d2ca657e150b27a6bb4ba18?s=96&d=mm&r=g","caption":"Edici\u00f3n"},"url":"https:\/\/centro-cee.com\/web\/author\/edicion\/"}]}},"_links":{"self":[{"href":"https:\/\/centro-cee.com\/web\/wp-json\/wp\/v2\/posts\/1548","targetHints":{"allow":["GET"]}}],"collection":[{"href":"https:\/\/centro-cee.com\/web\/wp-json\/wp\/v2\/posts"}],"about":[{"href":"https:\/\/centro-cee.com\/web\/wp-json\/wp\/v2\/types\/post"}],"author":[{"embeddable":true,"href":"https:\/\/centro-cee.com\/web\/wp-json\/wp\/v2\/users\/2"}],"replies":[{"embeddable":true,"href":"https:\/\/centro-cee.com\/web\/wp-json\/wp\/v2\/comments?post=1548"}],"version-history":[{"count":4,"href":"https:\/\/centro-cee.com\/web\/wp-json\/wp\/v2\/posts\/1548\/revisions"}],"predecessor-version":[{"id":1567,"href":"https:\/\/centro-cee.com\/web\/wp-json\/wp\/v2\/posts\/1548\/revisions\/1567"}],"wp:featuredmedia":[{"embeddable":true,"href":"https:\/\/centro-cee.com\/web\/wp-json\/wp\/v2\/media\/1549"}],"wp:attachment":[{"href":"https:\/\/centro-cee.com\/web\/wp-json\/wp\/v2\/media?parent=1548"}],"wp:term":[{"taxonomy":"category","embeddable":true,"href":"https:\/\/centro-cee.com\/web\/wp-json\/wp\/v2\/categories?post=1548"},{"taxonomy":"post_tag","embeddable":true,"href":"https:\/\/centro-cee.com\/web\/wp-json\/wp\/v2\/tags?post=1548"}],"curies":[{"name":"wp","href":"https:\/\/api.w.org\/{rel}","templated":true}]}}