{"id":1445,"date":"2023-10-09T10:39:24","date_gmt":"2023-10-09T10:39:24","guid":{"rendered":"https:\/\/centro-cee.com\/web\/?p=1445"},"modified":"2023-10-10T18:43:06","modified_gmt":"2023-10-10T18:43:06","slug":"los-espanoles-no-pagaran","status":"publish","type":"post","link":"https:\/\/centro-cee.com\/web\/los-espanoles-no-pagaran\/","title":{"rendered":"Los espa\u00f1oles no pagar\u00e1n"},"content":{"rendered":"<p><!--more--><\/p>\n<h5 class=\"tdb-title-text\"><em>Los espa\u00f1oles no pagar\u00e1n<\/em><\/h5>\n<p>Los espa\u00f1oles no ser\u00e1n quienes saneen la econom\u00eda de <strong>Mark Zuckerberg<\/strong> y estar\u00e1n entre los usuarios m\u00e1s reacios a pagar por tenen sus cuentas premium de Facebook e Instragram sin publicidad. El due\u00f1o de Meta <strong>ha decidido seguir los pasos de Elon Musk y comenzar a cobrar 13 euros al mes por tener un cuenta de Instagram o Facebook sin anuncios y sin contenido publicitario<\/strong>. La promesa del gratis total de las redes se ha roto, y en Espa\u00f1a no gusta pagar por lo que se ha tenido a cambio de nada.<\/p>\n<div class=\"code-block code-block-3\">\n<p>&nbsp;<\/p>\n<div id=\"sc-mpu-bajoparrafo\" class=\"sc-mpu-bajoparrafo\"><\/div>\n<p>&nbsp;<\/p>\n<\/div>\n<p>Ya con el cobro impuesto por Twitter se ha comprobado que nuestro pa\u00eds no cae masivamente en la trampa de <strong>pagar por evitar la publicidad o poder escribir algo m\u00e1s<\/strong>, salvo que profesional o comercialmente resulte rentable. A inicios del pasado mes de febrero se habilit\u00f3 en Espa\u00f1a la suscripci\u00f3n de<strong> Twitter Blue<\/strong>, a un precio de ocho euros al mes (siete euros si se adquiere la suscripci\u00f3n anual), y 11 euros si la adquisici\u00f3n se hace a trav\u00e9s de la aplicaci\u00f3n, debido a las comisiones de Apple y Google. Ambos multimillonarios de la tecnolog\u00eda han decidido que se acab\u00f3 la fiesta, y el gratis total de sus redes.<\/p>\n<blockquote class=\"wp-block-quote\"><p>Meta busca alienarse con los requerimientos de la <a href=\"https:\/\/www.europarl.europa.eu\/news\/es\/headlines\/society\/20211209STO19124\/la-ley-de-mercados-digitales-y-la-ley-de-servicios-digitales-explicadas?gclid=CjwKCAjw9-6oBhBaEiwAHv1QvCM_PBW29KMY9R8mKOUzbX4wMkHOhvIbgFl_TUstVnU_VhWjGRi9_RoCXS4QAvD_BwE\" target=\"_blank\" rel=\"noopener\" data-type=\"link\" data-id=\"https:\/\/www.europarl.europa.eu\/news\/es\/headlines\/society\/20211209STO19124\/la-ley-de-mercados-digitales-y-la-ley-de-servicios-digitales-explicadas?gclid=CjwKCAjw9-6oBhBaEiwAHv1QvCM_PBW29KMY9R8mKOUzbX4wMkHOhvIbgFl_TUstVnU_VhWjGRi9_RoCXS4QAvD_BwE\">Ley de Servicios Digitales (DSA) <\/a>de bruselas, que proh\u00edbe a las plataformas presentar anuncios basados en el uso de datos personales<\/p><\/blockquote>\n<p>Meta busca alienarse as\u00ed con los requerimientos que le impone la <a href=\"https:\/\/www.europarl.europa.eu\/news\/es\/headlines\/society\/20211209STO19124\/la-ley-de-mercados-digitales-y-la-ley-de-servicios-digitales-explicadas?gclid=CjwKCAjw9-6oBhBaEiwAHv1QvCM_PBW29KMY9R8mKOUzbX4wMkHOhvIbgFl_TUstVnU_VhWjGRi9_RoCXS4QAvD_BwE\" target=\"_blank\" rel=\"noopener\" data-type=\"link\" data-id=\"https:\/\/www.europarl.europa.eu\/news\/es\/headlines\/society\/20211209STO19124\/la-ley-de-mercados-digitales-y-la-ley-de-servicios-digitales-explicadas?gclid=CjwKCAjw9-6oBhBaEiwAHv1QvCM_PBW29KMY9R8mKOUzbX4wMkHOhvIbgFl_TUstVnU_VhWjGRi9_RoCXS4QAvD_BwE\">Ley de Servicios Digitales (DSA) <\/a>de la Uni\u00f3n Europea, que ha entrado en vigor a finales de este mismo mes de agosto. La Ley proh\u00edbe a las plataformas presentar anuncios basados en el uso de datos personales, en especial de los menores.<strong> Esta manera de insertar publicidad ha sido la mayor fuente de ingresos de Meta<\/strong> a trav\u00e9s de sus redes sociales desde que comenz\u00f3 su andadura con un Facebook que albergaba campa\u00f1as publicitarias en 2006, cuando lanz\u00f3 los primeros \u00abFlyers\u00bb, un formato publicitario que part\u00eda de los 5 d\u00f3lares de precio en adelante.<\/p>\n<p><strong>Puede ser el fin de Facebook en Europa<\/strong>, porque el rango de edad de sus usuarios tiene prioridades en cuanto a gastos en materia de comunicaci\u00f3n, muy diferentes a los de la gente de menor edad. Antes, preferir\u00e1n utilizar WhasApp, o cualquier otra red que sea gratuita. Quiz\u00e1 Instagram s\u00ed que tenga un futuro como red \u00abde pago\u00bb, porque su volumen de negocio supera el de la propia red y se trastada a las y los muchos usuarios que tienen establecido su negocio a trav\u00e9s de la plataforma como influencers, que venden cualquier producto mostrado en su perfil.<\/p>\n<h2 class=\"wp-block-heading\">LA FUENTE DE INGRESOS DE META<\/h2>\n<p>Sus extraordinarios ingresos publicitarios, ante la nueva legislaci\u00f3n, se iban a ver claramente resentidos. As\u00ed, el equipo de Meta ha trabajado para dise\u00f1ar una fuente de ingresos que le permita cumplir con la Ley europea, por la que <strong>deber\u00e1 solicitar el consentimiento de los usuarios para mostrar esos anuncios personalizados<\/strong> que tanto nos persiguen en sus redes. Adem\u00e1s, parecen siempre sab\u00e9r qu\u00e9 nos interesa, qu\u00e9 deseamos y qu\u00e9 necesitamos en funci\u00f3n de nuestra edad, nuestro sexo y nuestra ubicaci\u00f3n.<\/p>\n<div class=\"code-block code-block-2\">\n<p>&nbsp;<\/p>\n<div id=\"smartIntxt\"><\/div>\n<p>&nbsp;<\/p>\n<\/div>\n<blockquote class=\"wp-block-quote\"><p>el equipo de Meta ha dise\u00f1ado una fuente de ingresos que le permita cumplir con la Ley europea, por la que deber\u00eda solicitar el consentimiento de los usuarios para mostrar anuncios personalizados<\/p><\/blockquote>\n<p>La compa\u00f1ia de Menlo Park, en California, ya avis\u00f3 hace aproximadamente un mes de que estaba preparando una opci\u00f3n de pago para el uso de sus redes sociales, que consiguiera <strong>no mermar ni un solo d\u00f3lar o euro los ingresos a los que est\u00e1n acostumbrados<\/strong>. La tecnol\u00f3gica as\u00ed cumple los requisitos legales comunitarios y se une a la forma de ofrecer sus contenidos y servicios, como van a hacer tambi\u00e9n las plataformas de streaming de contenido audiovisual; <strong>dar la opci\u00f3n de pagar una cuota mayor<\/strong> si se quiere disfrutar de sus servicios sin contenido publicitario alguno.<\/p>\n<p>Sin embargo, <strong>la gratuidad de las cuentas y perfiles de Instagram y de Facebook va a continuar siendo una opci\u00f3n en los 27 pa\u00edses de la UE<\/strong>. Seg\u00fan ha publicado Wall Street Journal, la idea de los responsables de Meta es cobrar unos 10,50 d\u00f3lares (10 euros) al mes por utilizar la cuenta, tanto de Facebook como de Instragram, en su versi\u00f3n de Escritorio, a los que se sumar\u00eda unos seis euros por cada cuenta adicional vinculada.<\/p>\n<p>Las cuotas ser\u00e1n m\u00e1s caras para los smartphones, cuyo precio de suscripci\u00f3n sin anuncios alcanzar\u00eda los 13 euros al mes, porque deben contar con las comisiones que se quedan las tiendas de aplicaciones, principalmente la de<strong> Apple, que cobra un 15% por cualquier app que se descargue en su sistema operativo<\/strong>.<\/p>\n<h2 class=\"wp-block-heading\">LEYES QUE CAMBIAR\u00c1N FACEBOOK<\/h2>\n<p>Adem\u00e1s de la <a href=\"https:\/\/www.merca2.es\/2023\/09\/06\/bruselas-amazon-facebook-google-grandes-plataformas-normas-estrictas-1415592\/?utm_campaign=facebook\" data-type=\"link\" data-id=\"https:\/\/www.merca2.es\/2023\/09\/06\/bruselas-amazon-facebook-google-grandes-plataformas-normas-estrictas-1415592\/?utm_campaign=facebook\">Ley de Servicios Digitales<\/a>, el Reglamento General de Protecci\u00f3n de Datos de la Uni\u00f3n Europea impide a empresas como Meta obtener tantos datos como les gustar\u00eda acerca de los millones de usuarios y usuarias que utilizamos sus plataformas. Cabe recordar que en mayo <strong>ya tuvo que pagar una multa de 1.200 millones de euros<\/strong> porque se hab\u00eda saltado las leyes europeas que cuidan nuestra privacidad. Tras acumular datos de ciudadanas y ciudadanos europeos, los hab\u00eda transferido a Estados Unidos, algo que cualquier empresa o multinacional tiene absolutamente prohibido hacer.<\/p>\n<div class=\"code-block code-block-1\">\n<p>&nbsp;<\/p>\n<div id=\"div-merca2_parrafo9_movil\"><\/div>\n<p>&nbsp;<\/p>\n<\/div>\n<blockquote class=\"wp-block-quote\"><p>va a ser un manifiesto incumplimiento de la promesa que Zuckenberg hizo en su d\u00eda de que sus resdes sociales nunca iban a ser de pago<\/p><\/blockquote>\n<p>Al pantearse la <strong>creaci\u00f3n de un \u00abmuro de pago\u00bb<\/strong>, dan a los usuarios la posibilidad de que su actividad no sirva para recibir publicidad personalizada, y evitar que sus datos personales puedan utilizarse para generar m\u00e1s ingresos con sus perfiles. La decisi\u00f3n se ha tomado tras haber mantenido reuniones con reguladores de la privacidad de Irlanda, responsables del departamento de Competencia Digital de Bruselas, y con los de privacidad de la Uni\u00f3n Europea. A todos les han contado su plan; el llamado <strong>suscripci\u00f3n sin publicidad (SNA),<\/strong> que va a ser un manifiesto incumplimiento de la <strong>promesa que Zuckenberg hizo en su d\u00eda de que sus resdes sociales nunca iban a ser de pago<\/strong>.<\/p>\n<p>A su compa\u00f1ero en la aventura como multimillonario responsable de empresas tecnol\u00f3gicas, Elon Musk, no le doli\u00f3 decidir que la emblem\u00e1tica ense\u00f1a azul, que serv\u00eda de verificador de la identidad de las cuentas del antiguo Twitter, pasara a no servir como verificadora, pero si como <strong>marca de estatus econ\u00f3mico<\/strong>, porque para obtenerla hay que pagar desde hace apenas ocho meses ocho euros al mes a la plataforma ahora llamada X.<\/p>\n<p>&nbsp;<\/p>\n<p style=\"font-size: 70%;\">Fuente: merca2<\/p>\n<p><a href=\"https:\/\/centro-cee.com\/web\/category\/noticias\/\">Atr\u00e1s<\/a><\/p>\n<hr \/>\n<h5 class=\"tdb-title-text\"><em>Los espa\u00f1oles no pagar\u00e1n<\/em><\/h5>\n<h5 class=\"tdb-title-text\"><em>\u00a0<\/em><\/h5>\n<h5><em>\u00a0<\/em><\/h5>\n","protected":false},"excerpt":{"rendered":"","protected":false},"author":2,"featured_media":492,"comment_status":"closed","ping_status":"closed","sticky":false,"template":"","format":"standard","meta":{"footnotes":""},"categories":[1],"tags":[528,118,530,109,531,529],"class_list":["post-1445","post","type-post","status-publish","format-standard","has-post-thumbnail","hentry","category-noticias","tag-faceebook","tag-instagram","tag-pagar","tag-twitter","tag-x","tag-zuckerberg"],"yoast_head":"<!-- This site is optimized with the Yoast SEO plugin v27.5 - https:\/\/yoast.com\/product\/yoast-seo-wordpress\/ -->\n<title>Los espa\u00f1oles no pagar\u00e1n a Facebook - CEE Centro Europeo E-learning - Cursos online<\/title>\n<meta name=\"description\" content=\"Los espa\u00f1oles no pagar\u00e1n, en Espa\u00f1a no gusta pagar por lo que se ha tenido a cambio de nada. Informate en nuestro bolg Centro CEE\" \/>\n<meta name=\"robots\" content=\"index, follow, max-snippet:-1, max-image-preview:large, max-video-preview:-1\" \/>\n<link rel=\"canonical\" href=\"https:\/\/centro-cee.com\/web\/los-espanoles-no-pagaran\/\" \/>\n<meta property=\"og:locale\" content=\"es_ES\" \/>\n<meta property=\"og:type\" content=\"article\" \/>\n<meta property=\"og:title\" content=\"Los espa\u00f1oles no pagar\u00e1n a Facebook - CEE Centro Europeo E-learning - Cursos online\" \/>\n<meta property=\"og:description\" content=\"Los espa\u00f1oles no pagar\u00e1n, en Espa\u00f1a no gusta pagar por lo que se ha tenido a cambio de nada. Informate en nuestro bolg Centro CEE\" \/>\n<meta property=\"og:url\" content=\"https:\/\/centro-cee.com\/web\/los-espanoles-no-pagaran\/\" \/>\n<meta property=\"og:site_name\" content=\"CEE Centro Europeo E-learning - Cursos online\" \/>\n<meta property=\"article:published_time\" content=\"2023-10-09T10:39:24+00:00\" \/>\n<meta property=\"article:modified_time\" content=\"2023-10-10T18:43:06+00:00\" \/>\n<meta property=\"og:image\" content=\"https:\/\/centro-cee.com\/web\/wp-content\/uploads\/2020\/06\/facebook-830x553-1-e1682459357995.jpg\" \/>\n\t<meta property=\"og:image:width\" content=\"830\" \/>\n\t<meta property=\"og:image:height\" content=\"211\" \/>\n\t<meta property=\"og:image:type\" content=\"image\/jpeg\" \/>\n<meta name=\"author\" content=\"Edici\u00f3n\" \/>\n<meta name=\"twitter:card\" content=\"summary_large_image\" \/>\n<meta name=\"twitter:label1\" content=\"Escrito por\" \/>\n\t<meta name=\"twitter:data1\" content=\"Edici\u00f3n\" \/>\n\t<meta name=\"twitter:label2\" content=\"Tiempo de lectura\" \/>\n\t<meta name=\"twitter:data2\" content=\"5 minutos\" \/>\n<script type=\"application\/ld+json\" class=\"yoast-schema-graph\">{\"@context\":\"https:\\\/\\\/schema.org\",\"@graph\":[{\"@type\":\"Article\",\"@id\":\"https:\\\/\\\/centro-cee.com\\\/web\\\/los-espanoles-no-pagaran\\\/#article\",\"isPartOf\":{\"@id\":\"https:\\\/\\\/centro-cee.com\\\/web\\\/los-espanoles-no-pagaran\\\/\"},\"author\":{\"name\":\"Edici\u00f3n\",\"@id\":\"https:\\\/\\\/centro-cee.com\\\/web\\\/#\\\/schema\\\/person\\\/24bfbcbf6dc0b6bfac34beca30e9d1d6\"},\"headline\":\"Los espa\u00f1oles no pagar\u00e1n\",\"datePublished\":\"2023-10-09T10:39:24+00:00\",\"dateModified\":\"2023-10-10T18:43:06+00:00\",\"mainEntityOfPage\":{\"@id\":\"https:\\\/\\\/centro-cee.com\\\/web\\\/los-espanoles-no-pagaran\\\/\"},\"wordCount\":1169,\"publisher\":{\"@id\":\"https:\\\/\\\/centro-cee.com\\\/web\\\/#organization\"},\"image\":{\"@id\":\"https:\\\/\\\/centro-cee.com\\\/web\\\/los-espanoles-no-pagaran\\\/#primaryimage\"},\"thumbnailUrl\":\"https:\\\/\\\/centro-cee.com\\\/web\\\/wp-content\\\/uploads\\\/2020\\\/06\\\/facebook-830x553-1-e1682459357995.jpg\",\"keywords\":[\"faceebook\",\"instagram\",\"pagar\",\"twitter\",\"x\",\"Zuckerberg\"],\"articleSection\":[\"Noticias\"],\"inLanguage\":\"es\"},{\"@type\":\"WebPage\",\"@id\":\"https:\\\/\\\/centro-cee.com\\\/web\\\/los-espanoles-no-pagaran\\\/\",\"url\":\"https:\\\/\\\/centro-cee.com\\\/web\\\/los-espanoles-no-pagaran\\\/\",\"name\":\"Los espa\u00f1oles no pagar\u00e1n a Facebook - CEE Centro Europeo E-learning - Cursos online\",\"isPartOf\":{\"@id\":\"https:\\\/\\\/centro-cee.com\\\/web\\\/#website\"},\"primaryImageOfPage\":{\"@id\":\"https:\\\/\\\/centro-cee.com\\\/web\\\/los-espanoles-no-pagaran\\\/#primaryimage\"},\"image\":{\"@id\":\"https:\\\/\\\/centro-cee.com\\\/web\\\/los-espanoles-no-pagaran\\\/#primaryimage\"},\"thumbnailUrl\":\"https:\\\/\\\/centro-cee.com\\\/web\\\/wp-content\\\/uploads\\\/2020\\\/06\\\/facebook-830x553-1-e1682459357995.jpg\",\"datePublished\":\"2023-10-09T10:39:24+00:00\",\"dateModified\":\"2023-10-10T18:43:06+00:00\",\"description\":\"Los espa\u00f1oles no pagar\u00e1n, en Espa\u00f1a no gusta pagar por lo que se ha tenido a cambio de nada. Informate en nuestro bolg Centro CEE\",\"breadcrumb\":{\"@id\":\"https:\\\/\\\/centro-cee.com\\\/web\\\/los-espanoles-no-pagaran\\\/#breadcrumb\"},\"inLanguage\":\"es\",\"potentialAction\":[{\"@type\":\"ReadAction\",\"target\":[\"https:\\\/\\\/centro-cee.com\\\/web\\\/los-espanoles-no-pagaran\\\/\"]}]},{\"@type\":\"ImageObject\",\"inLanguage\":\"es\",\"@id\":\"https:\\\/\\\/centro-cee.com\\\/web\\\/los-espanoles-no-pagaran\\\/#primaryimage\",\"url\":\"https:\\\/\\\/centro-cee.com\\\/web\\\/wp-content\\\/uploads\\\/2020\\\/06\\\/facebook-830x553-1-e1682459357995.jpg\",\"contentUrl\":\"https:\\\/\\\/centro-cee.com\\\/web\\\/wp-content\\\/uploads\\\/2020\\\/06\\\/facebook-830x553-1-e1682459357995.jpg\",\"width\":830,\"height\":211},{\"@type\":\"BreadcrumbList\",\"@id\":\"https:\\\/\\\/centro-cee.com\\\/web\\\/los-espanoles-no-pagaran\\\/#breadcrumb\",\"itemListElement\":[{\"@type\":\"ListItem\",\"position\":1,\"name\":\"Portada\",\"item\":\"https:\\\/\\\/centro-cee.com\\\/web\\\/\"},{\"@type\":\"ListItem\",\"position\":2,\"name\":\"Los espa\u00f1oles no pagar\u00e1n\"}]},{\"@type\":\"WebSite\",\"@id\":\"https:\\\/\\\/centro-cee.com\\\/web\\\/#website\",\"url\":\"https:\\\/\\\/centro-cee.com\\\/web\\\/\",\"name\":\"Centro Europeo E-learning\",\"description\":\"CEE Formaci\u00f3n Online\",\"publisher\":{\"@id\":\"https:\\\/\\\/centro-cee.com\\\/web\\\/#organization\"},\"alternateName\":\"Centro Online de Formaci\u00f3n\",\"potentialAction\":[{\"@type\":\"SearchAction\",\"target\":{\"@type\":\"EntryPoint\",\"urlTemplate\":\"https:\\\/\\\/centro-cee.com\\\/web\\\/?s={search_term_string}\"},\"query-input\":{\"@type\":\"PropertyValueSpecification\",\"valueRequired\":true,\"valueName\":\"search_term_string\"}}],\"inLanguage\":\"es\"},{\"@type\":\"Organization\",\"@id\":\"https:\\\/\\\/centro-cee.com\\\/web\\\/#organization\",\"name\":\"Centro Europeo E-learning CEE\",\"url\":\"https:\\\/\\\/centro-cee.com\\\/web\\\/\",\"logo\":{\"@type\":\"ImageObject\",\"inLanguage\":\"es\",\"@id\":\"https:\\\/\\\/centro-cee.com\\\/web\\\/#\\\/schema\\\/logo\\\/image\\\/\",\"url\":\"https:\\\/\\\/centro-cee.com\\\/web\\\/wp-content\\\/uploads\\\/2022\\\/12\\\/cropped-logo_educa.png\",\"contentUrl\":\"https:\\\/\\\/centro-cee.com\\\/web\\\/wp-content\\\/uploads\\\/2022\\\/12\\\/cropped-logo_educa.png\",\"width\":157,\"height\":63,\"caption\":\"Centro Europeo E-learning CEE\"},\"image\":{\"@id\":\"https:\\\/\\\/centro-cee.com\\\/web\\\/#\\\/schema\\\/logo\\\/image\\\/\"},\"sameAs\":[\"https:\\\/\\\/www.instagram.com\\\/centroeuropeo_cee\"]},{\"@type\":\"Person\",\"@id\":\"https:\\\/\\\/centro-cee.com\\\/web\\\/#\\\/schema\\\/person\\\/24bfbcbf6dc0b6bfac34beca30e9d1d6\",\"name\":\"Edici\u00f3n\",\"image\":{\"@type\":\"ImageObject\",\"inLanguage\":\"es\",\"@id\":\"https:\\\/\\\/secure.gravatar.com\\\/avatar\\\/0a624005c10688edf13034d7c3734e8b9f3bf7083d2ca657e150b27a6bb4ba18?s=96&d=mm&r=g\",\"url\":\"https:\\\/\\\/secure.gravatar.com\\\/avatar\\\/0a624005c10688edf13034d7c3734e8b9f3bf7083d2ca657e150b27a6bb4ba18?s=96&d=mm&r=g\",\"contentUrl\":\"https:\\\/\\\/secure.gravatar.com\\\/avatar\\\/0a624005c10688edf13034d7c3734e8b9f3bf7083d2ca657e150b27a6bb4ba18?s=96&d=mm&r=g\",\"caption\":\"Edici\u00f3n\"},\"url\":\"https:\\\/\\\/centro-cee.com\\\/web\\\/author\\\/edicion\\\/\"}]}<\/script>\n<!-- \/ Yoast SEO plugin. -->","yoast_head_json":{"title":"Los espa\u00f1oles no pagar\u00e1n a Facebook - CEE Centro Europeo E-learning - Cursos online","description":"Los espa\u00f1oles no pagar\u00e1n, en Espa\u00f1a no gusta pagar por lo que se ha tenido a cambio de nada. Informate en nuestro bolg Centro CEE","robots":{"index":"index","follow":"follow","max-snippet":"max-snippet:-1","max-image-preview":"max-image-preview:large","max-video-preview":"max-video-preview:-1"},"canonical":"https:\/\/centro-cee.com\/web\/los-espanoles-no-pagaran\/","og_locale":"es_ES","og_type":"article","og_title":"Los espa\u00f1oles no pagar\u00e1n a Facebook - CEE Centro Europeo E-learning - Cursos online","og_description":"Los espa\u00f1oles no pagar\u00e1n, en Espa\u00f1a no gusta pagar por lo que se ha tenido a cambio de nada. Informate en nuestro bolg Centro CEE","og_url":"https:\/\/centro-cee.com\/web\/los-espanoles-no-pagaran\/","og_site_name":"CEE Centro Europeo E-learning - Cursos online","article_published_time":"2023-10-09T10:39:24+00:00","article_modified_time":"2023-10-10T18:43:06+00:00","og_image":[{"width":830,"height":211,"url":"https:\/\/centro-cee.com\/web\/wp-content\/uploads\/2020\/06\/facebook-830x553-1-e1682459357995.jpg","type":"image\/jpeg"}],"author":"Edici\u00f3n","twitter_card":"summary_large_image","twitter_misc":{"Escrito por":"Edici\u00f3n","Tiempo de lectura":"5 minutos"},"schema":{"@context":"https:\/\/schema.org","@graph":[{"@type":"Article","@id":"https:\/\/centro-cee.com\/web\/los-espanoles-no-pagaran\/#article","isPartOf":{"@id":"https:\/\/centro-cee.com\/web\/los-espanoles-no-pagaran\/"},"author":{"name":"Edici\u00f3n","@id":"https:\/\/centro-cee.com\/web\/#\/schema\/person\/24bfbcbf6dc0b6bfac34beca30e9d1d6"},"headline":"Los espa\u00f1oles no pagar\u00e1n","datePublished":"2023-10-09T10:39:24+00:00","dateModified":"2023-10-10T18:43:06+00:00","mainEntityOfPage":{"@id":"https:\/\/centro-cee.com\/web\/los-espanoles-no-pagaran\/"},"wordCount":1169,"publisher":{"@id":"https:\/\/centro-cee.com\/web\/#organization"},"image":{"@id":"https:\/\/centro-cee.com\/web\/los-espanoles-no-pagaran\/#primaryimage"},"thumbnailUrl":"https:\/\/centro-cee.com\/web\/wp-content\/uploads\/2020\/06\/facebook-830x553-1-e1682459357995.jpg","keywords":["faceebook","instagram","pagar","twitter","x","Zuckerberg"],"articleSection":["Noticias"],"inLanguage":"es"},{"@type":"WebPage","@id":"https:\/\/centro-cee.com\/web\/los-espanoles-no-pagaran\/","url":"https:\/\/centro-cee.com\/web\/los-espanoles-no-pagaran\/","name":"Los espa\u00f1oles no pagar\u00e1n a Facebook - CEE Centro Europeo E-learning - Cursos online","isPartOf":{"@id":"https:\/\/centro-cee.com\/web\/#website"},"primaryImageOfPage":{"@id":"https:\/\/centro-cee.com\/web\/los-espanoles-no-pagaran\/#primaryimage"},"image":{"@id":"https:\/\/centro-cee.com\/web\/los-espanoles-no-pagaran\/#primaryimage"},"thumbnailUrl":"https:\/\/centro-cee.com\/web\/wp-content\/uploads\/2020\/06\/facebook-830x553-1-e1682459357995.jpg","datePublished":"2023-10-09T10:39:24+00:00","dateModified":"2023-10-10T18:43:06+00:00","description":"Los espa\u00f1oles no pagar\u00e1n, en Espa\u00f1a no gusta pagar por lo que se ha tenido a cambio de nada. Informate en nuestro bolg Centro CEE","breadcrumb":{"@id":"https:\/\/centro-cee.com\/web\/los-espanoles-no-pagaran\/#breadcrumb"},"inLanguage":"es","potentialAction":[{"@type":"ReadAction","target":["https:\/\/centro-cee.com\/web\/los-espanoles-no-pagaran\/"]}]},{"@type":"ImageObject","inLanguage":"es","@id":"https:\/\/centro-cee.com\/web\/los-espanoles-no-pagaran\/#primaryimage","url":"https:\/\/centro-cee.com\/web\/wp-content\/uploads\/2020\/06\/facebook-830x553-1-e1682459357995.jpg","contentUrl":"https:\/\/centro-cee.com\/web\/wp-content\/uploads\/2020\/06\/facebook-830x553-1-e1682459357995.jpg","width":830,"height":211},{"@type":"BreadcrumbList","@id":"https:\/\/centro-cee.com\/web\/los-espanoles-no-pagaran\/#breadcrumb","itemListElement":[{"@type":"ListItem","position":1,"name":"Portada","item":"https:\/\/centro-cee.com\/web\/"},{"@type":"ListItem","position":2,"name":"Los espa\u00f1oles no pagar\u00e1n"}]},{"@type":"WebSite","@id":"https:\/\/centro-cee.com\/web\/#website","url":"https:\/\/centro-cee.com\/web\/","name":"Centro Europeo E-learning","description":"CEE Formaci\u00f3n Online","publisher":{"@id":"https:\/\/centro-cee.com\/web\/#organization"},"alternateName":"Centro Online de Formaci\u00f3n","potentialAction":[{"@type":"SearchAction","target":{"@type":"EntryPoint","urlTemplate":"https:\/\/centro-cee.com\/web\/?s={search_term_string}"},"query-input":{"@type":"PropertyValueSpecification","valueRequired":true,"valueName":"search_term_string"}}],"inLanguage":"es"},{"@type":"Organization","@id":"https:\/\/centro-cee.com\/web\/#organization","name":"Centro Europeo E-learning CEE","url":"https:\/\/centro-cee.com\/web\/","logo":{"@type":"ImageObject","inLanguage":"es","@id":"https:\/\/centro-cee.com\/web\/#\/schema\/logo\/image\/","url":"https:\/\/centro-cee.com\/web\/wp-content\/uploads\/2022\/12\/cropped-logo_educa.png","contentUrl":"https:\/\/centro-cee.com\/web\/wp-content\/uploads\/2022\/12\/cropped-logo_educa.png","width":157,"height":63,"caption":"Centro Europeo E-learning CEE"},"image":{"@id":"https:\/\/centro-cee.com\/web\/#\/schema\/logo\/image\/"},"sameAs":["https:\/\/www.instagram.com\/centroeuropeo_cee"]},{"@type":"Person","@id":"https:\/\/centro-cee.com\/web\/#\/schema\/person\/24bfbcbf6dc0b6bfac34beca30e9d1d6","name":"Edici\u00f3n","image":{"@type":"ImageObject","inLanguage":"es","@id":"https:\/\/secure.gravatar.com\/avatar\/0a624005c10688edf13034d7c3734e8b9f3bf7083d2ca657e150b27a6bb4ba18?s=96&d=mm&r=g","url":"https:\/\/secure.gravatar.com\/avatar\/0a624005c10688edf13034d7c3734e8b9f3bf7083d2ca657e150b27a6bb4ba18?s=96&d=mm&r=g","contentUrl":"https:\/\/secure.gravatar.com\/avatar\/0a624005c10688edf13034d7c3734e8b9f3bf7083d2ca657e150b27a6bb4ba18?s=96&d=mm&r=g","caption":"Edici\u00f3n"},"url":"https:\/\/centro-cee.com\/web\/author\/edicion\/"}]}},"_links":{"self":[{"href":"https:\/\/centro-cee.com\/web\/wp-json\/wp\/v2\/posts\/1445","targetHints":{"allow":["GET"]}}],"collection":[{"href":"https:\/\/centro-cee.com\/web\/wp-json\/wp\/v2\/posts"}],"about":[{"href":"https:\/\/centro-cee.com\/web\/wp-json\/wp\/v2\/types\/post"}],"author":[{"embeddable":true,"href":"https:\/\/centro-cee.com\/web\/wp-json\/wp\/v2\/users\/2"}],"replies":[{"embeddable":true,"href":"https:\/\/centro-cee.com\/web\/wp-json\/wp\/v2\/comments?post=1445"}],"version-history":[{"count":4,"href":"https:\/\/centro-cee.com\/web\/wp-json\/wp\/v2\/posts\/1445\/revisions"}],"predecessor-version":[{"id":1449,"href":"https:\/\/centro-cee.com\/web\/wp-json\/wp\/v2\/posts\/1445\/revisions\/1449"}],"wp:featuredmedia":[{"embeddable":true,"href":"https:\/\/centro-cee.com\/web\/wp-json\/wp\/v2\/media\/492"}],"wp:attachment":[{"href":"https:\/\/centro-cee.com\/web\/wp-json\/wp\/v2\/media?parent=1445"}],"wp:term":[{"taxonomy":"category","embeddable":true,"href":"https:\/\/centro-cee.com\/web\/wp-json\/wp\/v2\/categories?post=1445"},{"taxonomy":"post_tag","embeddable":true,"href":"https:\/\/centro-cee.com\/web\/wp-json\/wp\/v2\/tags?post=1445"}],"curies":[{"name":"wp","href":"https:\/\/api.w.org\/{rel}","templated":true}]}}