{"id":1437,"date":"2023-09-27T09:49:07","date_gmt":"2023-09-27T09:49:07","guid":{"rendered":"https:\/\/centro-cee.com\/web\/?p=1437"},"modified":"2023-09-27T09:49:25","modified_gmt":"2023-09-27T09:49:25","slug":"amazon-peleara-por-la-ia-contra-microsoft-y-google","status":"publish","type":"post","link":"https:\/\/centro-cee.com\/web\/amazon-peleara-por-la-ia-contra-microsoft-y-google\/","title":{"rendered":"Amazon pelear\u00e1 por la IA contra Microsoft y Google"},"content":{"rendered":"<p><!--more--><\/p>\n<h5 class=\"tdb-title-text\">Amazon pelear\u00e1 por la IA contra Microsoft y Google<\/h5>\n<p><strong>Amazon ha anunciado que invertir\u00e1 4.000 millones de d\u00f3lares en <a href=\"https:\/\/www.anthropic.com\/index\/anthropic-amazon\" target=\"_blank\" rel=\"noopener\" data-type=\"link\" data-id=\"https:\/\/www.anthropic.com\/index\/anthropic-amazon\">Anthropic<\/a> y le planta cara en la pelea por el desarrollo de la Inteligencia Artificial (IA) a sus competidoras Microsoft y Google<\/strong> (Alphabet). La multinacional del comercio electr\u00f3nico tendr\u00e1 una posici\u00f3n de propiedad minoritaria en la startup, pero esta inversi\u00f3n supone un movimiento estrat\u00e9gico para poder enfrentarse al extraordinario \u00e9xito y desarrollo del <strong>Chat GPT de OpenAI<\/strong>, que tiene un acuerdo con <strong>Microsoft<\/strong>, y los avances de <strong>Google, inversora tambi\u00e9n de Anthropic<\/strong>, con su IA Bard, que cada d\u00eda alcanza nuevas cotas de desarrollo y aplicaciones.<\/p>\n<div class=\"code-block code-block-3\">\n<p>&nbsp;<\/p>\n<div id=\"sc-mpu-bajoparrafo\" class=\"sc-mpu-bajoparrafo\"><\/div>\n<p>&nbsp;<\/p>\n<\/div>\n<p>El acuerdo recoge que los empleados de Amazon y sus clientes cloud obtendr\u00e1n un acceso prioritario a la tecnolog\u00eda de Anthropic para incorporarlo a sus respectivos negocios si as\u00ed lo consideran. El compromiso adquirido por Anthropic, por su parte, incluye que <strong>depender\u00e1 principalmente de los servicios en la nube de Amazon<\/strong>, donde va a poder entrenar a sus futuros <a href=\"https:\/\/www.merca2.es\/2023\/09\/26\/google-microsoft-ia-1433683\/\" data-type=\"link\" data-id=\"https:\/\/www.merca2.es\/2023\/09\/26\/google-microsoft-ia-1433683\/\">modelos de IA<\/a>. Para ello, tambi\u00e9n utilizar\u00e1 los chips patentados por la multinacional de Jeff Brezos.<\/p>\n<blockquote class=\"wp-block-quote\"><p>Los 4.000 millones de d\u00f3lares invertidos por Amazon ahora superan con mucho a los 300 millones que Google invirti\u00f3 en la startup el pasado mes de febrero<\/p><\/blockquote>\n<p>Los 4.000 millones de d\u00f3lares invertidos por Amazon ahora superan con mucho a los <strong><a href=\"https:\/\/www.bloomberglinea.com\/2023\/02\/05\/google-invierte-casi-us400-millones-en-anthropic-rival-de-chatgpt\/\" target=\"_blank\" rel=\"noopener\" data-type=\"link\" data-id=\"https:\/\/www.bloomberglinea.com\/2023\/02\/05\/google-invierte-casi-us400-millones-en-anthropic-rival-de-chatgpt\/\">300 millones que Google invirti\u00f3 en la startup el pasado mes de febrero<\/a><\/strong>, por el que se hizo con un 10% de la empresa. La inversi\u00f3n era similar al realizado por Microsoft en OpenAI, que usa Microsoft Azure para entrenar ChatGPT, Dall\u00b7E y otros modelos. Algo ha salido mal cuando ahora Anthropic busca el amparo inversor de Amazon.<\/p>\n<p>El <strong>desarrollo y relativo \u00e9xito de Bard <\/strong>puede haber sido el detonante para que Anthropic entendiera que la futura inversi\u00f3n del buscador no se iba a centrar en ellos. As\u00ed, han ca\u00eddo en brazos de Jeff Bezos, que necesitado de subirse al veloz tren de la IA en marcha. La <strong>jugada de Googles es maestra<\/strong>, porque va a ganar dinero con su propia IA y con la IA de uno de sus mayores competidores.<\/p>\n<h2 class=\"wp-block-heading\">AMAZON GANA POSICIONES EN IA<\/h2>\n<p>Seg\u00fan explic\u00f3 la compa\u00f1\u00eda en un comunicado, \u00abAmazon y Anthropic anuncian una colaboraci\u00f3n estrat\u00e9gica que reunir\u00e1 sus respectivas tecnolog\u00edas l\u00edderes en la industria y su experiencia en inteligencia artificial (IA) generativa m\u00e1s segura, para acelerar el desarrollo de la futura base de modelos de Anthropic y hacerlos ampliamente accesibles para los clientes de Amazon Web Services (AWS)\u00bb.<\/p>\n<p>As\u00ed, las dos empresas, que ya colaboran en el desarrollo de la futura tecnolog\u00eda Trainium e Inferentia, van a encajar sus capacidades. <strong>Antropic va a utilizar a menor precio los chips AWS Trainium e Inferentia<\/strong> para construir, entrenar e implementar sus futuros modelos b\u00e1sicos, y tambi\u00e9n se beneficiar\u00e1 del rendimiento, la escalabilidad y la seguridad de la nube AWS, l\u00edder en el mercado cloud, y que ser\u00e1 el principal proveedor de Antropic.<\/p>\n<p>La inversi\u00f3n va a proporcionar que los ingenieros de la tienda online, a trav\u00e9s de <a href=\"https:\/\/aws.amazon.com\/es\/bedrock\/claude\/\" target=\"_blank\" rel=\"noopener\" data-type=\"link\" data-id=\"https:\/\/aws.amazon.com\/es\/bedrock\/claude\/\">Amazon Bedrock<\/a>, la plataforma basada en la nube AWS que da acceso a modelos de lenguaje de terceros, puedan construir con modelos de Anthropic que incorporar\u00e1n capacidades de IA generativa en sus desarrollos, mejorar las aplicaciones que ya existen y crear nuevas para los clientes de AWS. Bedrock fue la apuesta por la IA generativa que el gigante de las venta online puso en marcha en abril de este mismo a\u00f1o, para apuntarse al carro del \u00e9xito de Chat GPT.<\/p>\n<div class=\"code-block code-block-4\">\n<p>&nbsp;<\/p>\n<div id=\"sc-mpu-btf\" class=\"sc-mpu-btf\"><\/div>\n<p>&nbsp;<\/p>\n<\/div>\n<h2 class=\"wp-block-heading\">ANTHROPIC Y LO SUYO CON GOOGLE Y MICROSOFT<\/h2>\n<p>Anthropic es uno de los principales proveedores de modelos b\u00e1sicos de IA del mundo y <strong>lucha por uso responsable y \u00e9tico de la IA generativa<\/strong>. Su modelo <strong>Claude<\/strong> es capaz de realizar tareas como di\u00e1logos sofisticados, contenido creativo, instrucciones detalladas e, incluso razonamiento complejo, y ya tiene desarrollado un modelo superior de \u00faltima generaci\u00f3n, Claude 2.<\/p>\n<blockquote class=\"wp-block-quote\"><p>Anthropic fue fundada en 2021 por Daniela y Dar\u00edo Amodei, dos hermanos ex ejecutivos de investigaci\u00f3n de OpenAI<\/p><\/blockquote>\n<p>La startup es cliente de la nube de Amazon desde que <strong>fuera fundada en 2021 por Daniela y Dar\u00edo Amodei, dos hermanos ex ejecutivos de investigaci\u00f3n de OpenAI<\/strong>, la empresa desarrolladora del exitoso ChapGPT, que tiene un acuerdo con <strong>Microsoft<\/strong>. Pero tambi\u00e9n tiene de \u00abnovia\u00bb a Alphabet. El pasado mes de febrero, la multinacional del buscador se hizo con una participaci\u00f3n del 10% de la empresa, para as\u00ed tener acceso a los recursos inform\u00e1ticos de Google Cloud, mientras los de Mountain View desarrollaban su IA Bard en paralelo.<\/p>\n<p>Seg\u00fan se hizo p\u00fablico, de aquella Google hab\u00eda inyectado sin hacer mucho ruido algo m\u00e1s de 300 millones de d\u00f3lares en Anthropic. Ahora gana Amazon con los 4.000 d\u00f3lares invertidos.<\/p>\n<p>&nbsp;<\/p>\n<p style=\"font-size: 70%;\">Fuente: merca2<\/p>\n<p><a href=\"https:\/\/centro-cee.com\/web\/category\/noticias\/\">Atr\u00e1s<\/a><\/p>\n<hr \/>\n<h5 class=\"tdb-title-text\"><em>Amazon pelear\u00e1 por la IA contra Microsoft y Google<\/em><\/h5>\n<h5 class=\"tdb-title-text\"><em>\u00a0<\/em><\/h5>\n<h5><em>\u00a0<\/em><\/h5>\n","protected":false},"excerpt":{"rendered":"","protected":false},"author":2,"featured_media":420,"comment_status":"closed","ping_status":"closed","sticky":false,"template":"","format":"standard","meta":{"footnotes":""},"categories":[1],"tags":[162,526,39,217,250,218,216,527],"class_list":["post-1437","post","type-post","status-publish","format-standard","has-post-thumbnail","hentry","category-noticias","tag-amazon","tag-blog","tag-cee","tag-chatgpt","tag-google","tag-ia","tag-microsoft","tag-noticias"],"yoast_head":"<!-- This site is optimized with the Yoast SEO plugin v27.5 - https:\/\/yoast.com\/product\/yoast-seo-wordpress\/ -->\n<title>Amazon pelear\u00e1 por la IA contra Microsoft y Google - CEE Centro Europeo E-learning - Cursos online<\/title>\n<meta name=\"description\" content=\"Amazon pelear\u00e1 por la IA contra Microsoft y Google, conoce lo \u00faltimo en Inteligencia Artificial con el blog de noticias de Centro CEE\" \/>\n<meta name=\"robots\" content=\"index, follow, max-snippet:-1, max-image-preview:large, max-video-preview:-1\" \/>\n<link rel=\"canonical\" href=\"https:\/\/centro-cee.com\/web\/amazon-peleara-por-la-ia-contra-microsoft-y-google\/\" \/>\n<meta property=\"og:locale\" content=\"es_ES\" \/>\n<meta property=\"og:type\" content=\"article\" \/>\n<meta property=\"og:title\" content=\"Amazon pelear\u00e1 por la IA contra Microsoft y Google - CEE Centro Europeo E-learning - Cursos online\" \/>\n<meta property=\"og:description\" content=\"Amazon pelear\u00e1 por la IA contra Microsoft y Google, conoce lo \u00faltimo en Inteligencia Artificial con el blog de noticias de Centro CEE\" \/>\n<meta property=\"og:url\" content=\"https:\/\/centro-cee.com\/web\/amazon-peleara-por-la-ia-contra-microsoft-y-google\/\" \/>\n<meta property=\"og:site_name\" content=\"CEE Centro Europeo E-learning - Cursos online\" \/>\n<meta property=\"article:published_time\" content=\"2023-09-27T09:49:07+00:00\" \/>\n<meta property=\"article:modified_time\" content=\"2023-09-27T09:49:25+00:00\" \/>\n<meta property=\"og:image\" content=\"https:\/\/centro-cee.com\/web\/wp-content\/uploads\/2020\/08\/magazine-en-portada-jeff-bezos-descomponiendo-al-amo-del-mundo-768x506-1.jpg\" \/>\n\t<meta property=\"og:image:width\" content=\"768\" \/>\n\t<meta property=\"og:image:height\" content=\"506\" \/>\n\t<meta property=\"og:image:type\" content=\"image\/jpeg\" \/>\n<meta name=\"author\" content=\"Edici\u00f3n\" \/>\n<meta name=\"twitter:card\" content=\"summary_large_image\" \/>\n<meta name=\"twitter:label1\" content=\"Escrito por\" \/>\n\t<meta name=\"twitter:data1\" content=\"Edici\u00f3n\" \/>\n\t<meta name=\"twitter:label2\" content=\"Tiempo de lectura\" \/>\n\t<meta name=\"twitter:data2\" content=\"4 minutos\" \/>\n<script type=\"application\/ld+json\" class=\"yoast-schema-graph\">{\"@context\":\"https:\\\/\\\/schema.org\",\"@graph\":[{\"@type\":\"Article\",\"@id\":\"https:\\\/\\\/centro-cee.com\\\/web\\\/amazon-peleara-por-la-ia-contra-microsoft-y-google\\\/#article\",\"isPartOf\":{\"@id\":\"https:\\\/\\\/centro-cee.com\\\/web\\\/amazon-peleara-por-la-ia-contra-microsoft-y-google\\\/\"},\"author\":{\"name\":\"Edici\u00f3n\",\"@id\":\"https:\\\/\\\/centro-cee.com\\\/web\\\/#\\\/schema\\\/person\\\/24bfbcbf6dc0b6bfac34beca30e9d1d6\"},\"headline\":\"Amazon pelear\u00e1 por la IA contra Microsoft y Google\",\"datePublished\":\"2023-09-27T09:49:07+00:00\",\"dateModified\":\"2023-09-27T09:49:25+00:00\",\"mainEntityOfPage\":{\"@id\":\"https:\\\/\\\/centro-cee.com\\\/web\\\/amazon-peleara-por-la-ia-contra-microsoft-y-google\\\/\"},\"wordCount\":844,\"publisher\":{\"@id\":\"https:\\\/\\\/centro-cee.com\\\/web\\\/#organization\"},\"image\":{\"@id\":\"https:\\\/\\\/centro-cee.com\\\/web\\\/amazon-peleara-por-la-ia-contra-microsoft-y-google\\\/#primaryimage\"},\"thumbnailUrl\":\"https:\\\/\\\/centro-cee.com\\\/web\\\/wp-content\\\/uploads\\\/2020\\\/08\\\/magazine-en-portada-jeff-bezos-descomponiendo-al-amo-del-mundo-768x506-1.jpg\",\"keywords\":[\"amazon\",\"blog\",\"cee\",\"chatgpt\",\"google\",\"ia\",\"microsoft\",\"noticias\"],\"articleSection\":[\"Noticias\"],\"inLanguage\":\"es\"},{\"@type\":\"WebPage\",\"@id\":\"https:\\\/\\\/centro-cee.com\\\/web\\\/amazon-peleara-por-la-ia-contra-microsoft-y-google\\\/\",\"url\":\"https:\\\/\\\/centro-cee.com\\\/web\\\/amazon-peleara-por-la-ia-contra-microsoft-y-google\\\/\",\"name\":\"Amazon pelear\u00e1 por la IA contra Microsoft y Google - CEE Centro Europeo E-learning - Cursos online\",\"isPartOf\":{\"@id\":\"https:\\\/\\\/centro-cee.com\\\/web\\\/#website\"},\"primaryImageOfPage\":{\"@id\":\"https:\\\/\\\/centro-cee.com\\\/web\\\/amazon-peleara-por-la-ia-contra-microsoft-y-google\\\/#primaryimage\"},\"image\":{\"@id\":\"https:\\\/\\\/centro-cee.com\\\/web\\\/amazon-peleara-por-la-ia-contra-microsoft-y-google\\\/#primaryimage\"},\"thumbnailUrl\":\"https:\\\/\\\/centro-cee.com\\\/web\\\/wp-content\\\/uploads\\\/2020\\\/08\\\/magazine-en-portada-jeff-bezos-descomponiendo-al-amo-del-mundo-768x506-1.jpg\",\"datePublished\":\"2023-09-27T09:49:07+00:00\",\"dateModified\":\"2023-09-27T09:49:25+00:00\",\"description\":\"Amazon pelear\u00e1 por la IA contra Microsoft y Google, conoce lo \u00faltimo en Inteligencia Artificial con el blog de noticias de Centro CEE\",\"breadcrumb\":{\"@id\":\"https:\\\/\\\/centro-cee.com\\\/web\\\/amazon-peleara-por-la-ia-contra-microsoft-y-google\\\/#breadcrumb\"},\"inLanguage\":\"es\",\"potentialAction\":[{\"@type\":\"ReadAction\",\"target\":[\"https:\\\/\\\/centro-cee.com\\\/web\\\/amazon-peleara-por-la-ia-contra-microsoft-y-google\\\/\"]}]},{\"@type\":\"ImageObject\",\"inLanguage\":\"es\",\"@id\":\"https:\\\/\\\/centro-cee.com\\\/web\\\/amazon-peleara-por-la-ia-contra-microsoft-y-google\\\/#primaryimage\",\"url\":\"https:\\\/\\\/centro-cee.com\\\/web\\\/wp-content\\\/uploads\\\/2020\\\/08\\\/magazine-en-portada-jeff-bezos-descomponiendo-al-amo-del-mundo-768x506-1.jpg\",\"contentUrl\":\"https:\\\/\\\/centro-cee.com\\\/web\\\/wp-content\\\/uploads\\\/2020\\\/08\\\/magazine-en-portada-jeff-bezos-descomponiendo-al-amo-del-mundo-768x506-1.jpg\",\"width\":768,\"height\":506},{\"@type\":\"BreadcrumbList\",\"@id\":\"https:\\\/\\\/centro-cee.com\\\/web\\\/amazon-peleara-por-la-ia-contra-microsoft-y-google\\\/#breadcrumb\",\"itemListElement\":[{\"@type\":\"ListItem\",\"position\":1,\"name\":\"Portada\",\"item\":\"https:\\\/\\\/centro-cee.com\\\/web\\\/\"},{\"@type\":\"ListItem\",\"position\":2,\"name\":\"Amazon pelear\u00e1 por la IA contra Microsoft y Google\"}]},{\"@type\":\"WebSite\",\"@id\":\"https:\\\/\\\/centro-cee.com\\\/web\\\/#website\",\"url\":\"https:\\\/\\\/centro-cee.com\\\/web\\\/\",\"name\":\"Centro Europeo E-learning\",\"description\":\"CEE Formaci\u00f3n Online\",\"publisher\":{\"@id\":\"https:\\\/\\\/centro-cee.com\\\/web\\\/#organization\"},\"alternateName\":\"Centro Online de Formaci\u00f3n\",\"potentialAction\":[{\"@type\":\"SearchAction\",\"target\":{\"@type\":\"EntryPoint\",\"urlTemplate\":\"https:\\\/\\\/centro-cee.com\\\/web\\\/?s={search_term_string}\"},\"query-input\":{\"@type\":\"PropertyValueSpecification\",\"valueRequired\":true,\"valueName\":\"search_term_string\"}}],\"inLanguage\":\"es\"},{\"@type\":\"Organization\",\"@id\":\"https:\\\/\\\/centro-cee.com\\\/web\\\/#organization\",\"name\":\"Centro Europeo E-learning CEE\",\"url\":\"https:\\\/\\\/centro-cee.com\\\/web\\\/\",\"logo\":{\"@type\":\"ImageObject\",\"inLanguage\":\"es\",\"@id\":\"https:\\\/\\\/centro-cee.com\\\/web\\\/#\\\/schema\\\/logo\\\/image\\\/\",\"url\":\"https:\\\/\\\/centro-cee.com\\\/web\\\/wp-content\\\/uploads\\\/2022\\\/12\\\/cropped-logo_educa.png\",\"contentUrl\":\"https:\\\/\\\/centro-cee.com\\\/web\\\/wp-content\\\/uploads\\\/2022\\\/12\\\/cropped-logo_educa.png\",\"width\":157,\"height\":63,\"caption\":\"Centro Europeo E-learning CEE\"},\"image\":{\"@id\":\"https:\\\/\\\/centro-cee.com\\\/web\\\/#\\\/schema\\\/logo\\\/image\\\/\"},\"sameAs\":[\"https:\\\/\\\/www.instagram.com\\\/centroeuropeo_cee\"]},{\"@type\":\"Person\",\"@id\":\"https:\\\/\\\/centro-cee.com\\\/web\\\/#\\\/schema\\\/person\\\/24bfbcbf6dc0b6bfac34beca30e9d1d6\",\"name\":\"Edici\u00f3n\",\"image\":{\"@type\":\"ImageObject\",\"inLanguage\":\"es\",\"@id\":\"https:\\\/\\\/secure.gravatar.com\\\/avatar\\\/0a624005c10688edf13034d7c3734e8b9f3bf7083d2ca657e150b27a6bb4ba18?s=96&d=mm&r=g\",\"url\":\"https:\\\/\\\/secure.gravatar.com\\\/avatar\\\/0a624005c10688edf13034d7c3734e8b9f3bf7083d2ca657e150b27a6bb4ba18?s=96&d=mm&r=g\",\"contentUrl\":\"https:\\\/\\\/secure.gravatar.com\\\/avatar\\\/0a624005c10688edf13034d7c3734e8b9f3bf7083d2ca657e150b27a6bb4ba18?s=96&d=mm&r=g\",\"caption\":\"Edici\u00f3n\"},\"url\":\"https:\\\/\\\/centro-cee.com\\\/web\\\/author\\\/edicion\\\/\"}]}<\/script>\n<!-- \/ Yoast SEO plugin. -->","yoast_head_json":{"title":"Amazon pelear\u00e1 por la IA contra Microsoft y Google - CEE Centro Europeo E-learning - Cursos online","description":"Amazon pelear\u00e1 por la IA contra Microsoft y Google, conoce lo \u00faltimo en Inteligencia Artificial con el blog de noticias de Centro CEE","robots":{"index":"index","follow":"follow","max-snippet":"max-snippet:-1","max-image-preview":"max-image-preview:large","max-video-preview":"max-video-preview:-1"},"canonical":"https:\/\/centro-cee.com\/web\/amazon-peleara-por-la-ia-contra-microsoft-y-google\/","og_locale":"es_ES","og_type":"article","og_title":"Amazon pelear\u00e1 por la IA contra Microsoft y Google - CEE Centro Europeo E-learning - Cursos online","og_description":"Amazon pelear\u00e1 por la IA contra Microsoft y Google, conoce lo \u00faltimo en Inteligencia Artificial con el blog de noticias de Centro CEE","og_url":"https:\/\/centro-cee.com\/web\/amazon-peleara-por-la-ia-contra-microsoft-y-google\/","og_site_name":"CEE Centro Europeo E-learning - Cursos online","article_published_time":"2023-09-27T09:49:07+00:00","article_modified_time":"2023-09-27T09:49:25+00:00","og_image":[{"width":768,"height":506,"url":"https:\/\/centro-cee.com\/web\/wp-content\/uploads\/2020\/08\/magazine-en-portada-jeff-bezos-descomponiendo-al-amo-del-mundo-768x506-1.jpg","type":"image\/jpeg"}],"author":"Edici\u00f3n","twitter_card":"summary_large_image","twitter_misc":{"Escrito por":"Edici\u00f3n","Tiempo de lectura":"4 minutos"},"schema":{"@context":"https:\/\/schema.org","@graph":[{"@type":"Article","@id":"https:\/\/centro-cee.com\/web\/amazon-peleara-por-la-ia-contra-microsoft-y-google\/#article","isPartOf":{"@id":"https:\/\/centro-cee.com\/web\/amazon-peleara-por-la-ia-contra-microsoft-y-google\/"},"author":{"name":"Edici\u00f3n","@id":"https:\/\/centro-cee.com\/web\/#\/schema\/person\/24bfbcbf6dc0b6bfac34beca30e9d1d6"},"headline":"Amazon pelear\u00e1 por la IA contra Microsoft y Google","datePublished":"2023-09-27T09:49:07+00:00","dateModified":"2023-09-27T09:49:25+00:00","mainEntityOfPage":{"@id":"https:\/\/centro-cee.com\/web\/amazon-peleara-por-la-ia-contra-microsoft-y-google\/"},"wordCount":844,"publisher":{"@id":"https:\/\/centro-cee.com\/web\/#organization"},"image":{"@id":"https:\/\/centro-cee.com\/web\/amazon-peleara-por-la-ia-contra-microsoft-y-google\/#primaryimage"},"thumbnailUrl":"https:\/\/centro-cee.com\/web\/wp-content\/uploads\/2020\/08\/magazine-en-portada-jeff-bezos-descomponiendo-al-amo-del-mundo-768x506-1.jpg","keywords":["amazon","blog","cee","chatgpt","google","ia","microsoft","noticias"],"articleSection":["Noticias"],"inLanguage":"es"},{"@type":"WebPage","@id":"https:\/\/centro-cee.com\/web\/amazon-peleara-por-la-ia-contra-microsoft-y-google\/","url":"https:\/\/centro-cee.com\/web\/amazon-peleara-por-la-ia-contra-microsoft-y-google\/","name":"Amazon pelear\u00e1 por la IA contra Microsoft y Google - CEE Centro Europeo E-learning - Cursos online","isPartOf":{"@id":"https:\/\/centro-cee.com\/web\/#website"},"primaryImageOfPage":{"@id":"https:\/\/centro-cee.com\/web\/amazon-peleara-por-la-ia-contra-microsoft-y-google\/#primaryimage"},"image":{"@id":"https:\/\/centro-cee.com\/web\/amazon-peleara-por-la-ia-contra-microsoft-y-google\/#primaryimage"},"thumbnailUrl":"https:\/\/centro-cee.com\/web\/wp-content\/uploads\/2020\/08\/magazine-en-portada-jeff-bezos-descomponiendo-al-amo-del-mundo-768x506-1.jpg","datePublished":"2023-09-27T09:49:07+00:00","dateModified":"2023-09-27T09:49:25+00:00","description":"Amazon pelear\u00e1 por la IA contra Microsoft y Google, conoce lo \u00faltimo en Inteligencia Artificial con el blog de noticias de Centro CEE","breadcrumb":{"@id":"https:\/\/centro-cee.com\/web\/amazon-peleara-por-la-ia-contra-microsoft-y-google\/#breadcrumb"},"inLanguage":"es","potentialAction":[{"@type":"ReadAction","target":["https:\/\/centro-cee.com\/web\/amazon-peleara-por-la-ia-contra-microsoft-y-google\/"]}]},{"@type":"ImageObject","inLanguage":"es","@id":"https:\/\/centro-cee.com\/web\/amazon-peleara-por-la-ia-contra-microsoft-y-google\/#primaryimage","url":"https:\/\/centro-cee.com\/web\/wp-content\/uploads\/2020\/08\/magazine-en-portada-jeff-bezos-descomponiendo-al-amo-del-mundo-768x506-1.jpg","contentUrl":"https:\/\/centro-cee.com\/web\/wp-content\/uploads\/2020\/08\/magazine-en-portada-jeff-bezos-descomponiendo-al-amo-del-mundo-768x506-1.jpg","width":768,"height":506},{"@type":"BreadcrumbList","@id":"https:\/\/centro-cee.com\/web\/amazon-peleara-por-la-ia-contra-microsoft-y-google\/#breadcrumb","itemListElement":[{"@type":"ListItem","position":1,"name":"Portada","item":"https:\/\/centro-cee.com\/web\/"},{"@type":"ListItem","position":2,"name":"Amazon pelear\u00e1 por la IA contra Microsoft y Google"}]},{"@type":"WebSite","@id":"https:\/\/centro-cee.com\/web\/#website","url":"https:\/\/centro-cee.com\/web\/","name":"Centro Europeo E-learning","description":"CEE Formaci\u00f3n Online","publisher":{"@id":"https:\/\/centro-cee.com\/web\/#organization"},"alternateName":"Centro Online de Formaci\u00f3n","potentialAction":[{"@type":"SearchAction","target":{"@type":"EntryPoint","urlTemplate":"https:\/\/centro-cee.com\/web\/?s={search_term_string}"},"query-input":{"@type":"PropertyValueSpecification","valueRequired":true,"valueName":"search_term_string"}}],"inLanguage":"es"},{"@type":"Organization","@id":"https:\/\/centro-cee.com\/web\/#organization","name":"Centro Europeo E-learning CEE","url":"https:\/\/centro-cee.com\/web\/","logo":{"@type":"ImageObject","inLanguage":"es","@id":"https:\/\/centro-cee.com\/web\/#\/schema\/logo\/image\/","url":"https:\/\/centro-cee.com\/web\/wp-content\/uploads\/2022\/12\/cropped-logo_educa.png","contentUrl":"https:\/\/centro-cee.com\/web\/wp-content\/uploads\/2022\/12\/cropped-logo_educa.png","width":157,"height":63,"caption":"Centro Europeo E-learning CEE"},"image":{"@id":"https:\/\/centro-cee.com\/web\/#\/schema\/logo\/image\/"},"sameAs":["https:\/\/www.instagram.com\/centroeuropeo_cee"]},{"@type":"Person","@id":"https:\/\/centro-cee.com\/web\/#\/schema\/person\/24bfbcbf6dc0b6bfac34beca30e9d1d6","name":"Edici\u00f3n","image":{"@type":"ImageObject","inLanguage":"es","@id":"https:\/\/secure.gravatar.com\/avatar\/0a624005c10688edf13034d7c3734e8b9f3bf7083d2ca657e150b27a6bb4ba18?s=96&d=mm&r=g","url":"https:\/\/secure.gravatar.com\/avatar\/0a624005c10688edf13034d7c3734e8b9f3bf7083d2ca657e150b27a6bb4ba18?s=96&d=mm&r=g","contentUrl":"https:\/\/secure.gravatar.com\/avatar\/0a624005c10688edf13034d7c3734e8b9f3bf7083d2ca657e150b27a6bb4ba18?s=96&d=mm&r=g","caption":"Edici\u00f3n"},"url":"https:\/\/centro-cee.com\/web\/author\/edicion\/"}]}},"_links":{"self":[{"href":"https:\/\/centro-cee.com\/web\/wp-json\/wp\/v2\/posts\/1437","targetHints":{"allow":["GET"]}}],"collection":[{"href":"https:\/\/centro-cee.com\/web\/wp-json\/wp\/v2\/posts"}],"about":[{"href":"https:\/\/centro-cee.com\/web\/wp-json\/wp\/v2\/types\/post"}],"author":[{"embeddable":true,"href":"https:\/\/centro-cee.com\/web\/wp-json\/wp\/v2\/users\/2"}],"replies":[{"embeddable":true,"href":"https:\/\/centro-cee.com\/web\/wp-json\/wp\/v2\/comments?post=1437"}],"version-history":[{"count":1,"href":"https:\/\/centro-cee.com\/web\/wp-json\/wp\/v2\/posts\/1437\/revisions"}],"predecessor-version":[{"id":1438,"href":"https:\/\/centro-cee.com\/web\/wp-json\/wp\/v2\/posts\/1437\/revisions\/1438"}],"wp:featuredmedia":[{"embeddable":true,"href":"https:\/\/centro-cee.com\/web\/wp-json\/wp\/v2\/media\/420"}],"wp:attachment":[{"href":"https:\/\/centro-cee.com\/web\/wp-json\/wp\/v2\/media?parent=1437"}],"wp:term":[{"taxonomy":"category","embeddable":true,"href":"https:\/\/centro-cee.com\/web\/wp-json\/wp\/v2\/categories?post=1437"},{"taxonomy":"post_tag","embeddable":true,"href":"https:\/\/centro-cee.com\/web\/wp-json\/wp\/v2\/tags?post=1437"}],"curies":[{"name":"wp","href":"https:\/\/api.w.org\/{rel}","templated":true}]}}