{"id":1341,"date":"2023-07-05T15:08:07","date_gmt":"2023-07-05T15:08:07","guid":{"rendered":"https:\/\/centro-cee.com\/web\/?p=1341"},"modified":"2023-07-05T15:08:24","modified_gmt":"2023-07-05T15:08:24","slug":"threads-la-nueva-red-social-de-meta","status":"publish","type":"post","link":"https:\/\/centro-cee.com\/web\/threads-la-nueva-red-social-de-meta\/","title":{"rendered":"Threads la nueva red social de Meta"},"content":{"rendered":"<p><!--more--><\/p>\n<h5 class=\"tdb-title-text\">Threads la nueva red social de Meta<\/h5>\n<p><strong>Meta lanza Threads, la nueva red social que tiene como objetivo aprovechar el hueco de negocio que a\u00fan le falta y que en estos momentos est\u00e1 copada por Twitter<\/strong>, la plataforma donde se tratan todo tipo de temas, como sociales, pol\u00edticos, deportes etc a trav\u00e9s de opiniones de los usuarios. Por ello el gigante tecnol\u00f3gico <strong>va a estrenar este jueves Threads<\/strong> ( en espa\u00f1ol se podr\u00eda traducir como hilos), la competencia directa de Twitter. Desde que Elon Musk comprase la red del p\u00e1jaro azul el a\u00f1o pasado por 43.000 millones de d\u00f3lares, se ha encontrado con numerosos problemas, desde los despidos de gran parte de la plantilla, pasando por la ca\u00edda de los anunciantes, fallos t\u00e9cnicos. as\u00ed como incidencias con la moderaci\u00f3n de contenido y la controversia sobre el declarado \u00ababsolutismo de la libertad de expresi\u00f3n\u00bb.<\/p>\n<p>La rivalidad que existe a nivel empresarial y personal entre Marck Zuckerberg\u00a0y Elon Musk( se han retado a un combate dentro de una jaula), ha hecho que el lanzamiento mundial previsto para este jueves se convierta en un gran acontecimiento. <strong>El objetivo es captar a los usuarios de Twitter para que abandonen aprovechado el momento para lanzar un servicio rival, Threads.<\/strong><\/p>\n<h2 class=\"wp-block-heading\">\u00bfQUE ES THREADS Y COMO FUNCIONARA?<\/h2>\n<p>Threads es un \u00abAplicaci\u00f3n de conversaci\u00f3n basada en texto\u00bb considerada como una alternativa a Twitter. La plataforma permitir\u00e1 a los usuarios escribir y compartir actualizaciones de texto en tiempo real entre grupos de seguidores, permiti\u00e9ndoles dar me gusta, responder, compartir y enviar mensajes directos. <strong>Incluso toma prestado el nombre de su rival: \u00abhilos\u00bb<\/strong> es otra palabra para una serie de tuits conectados de una cuenta. Su lanzamiento ser\u00e1 primeramente en Estados Unidos, con la idea de extenderse al resto del mundo pasado un tiempo en funci\u00f3n de como sea su acogida. Se podr\u00e1 descargar de la APP Store<\/p>\n<p>La web y la aplicaci\u00f3n de Threads se conectar\u00e1 a la red de intercambio de fotos y videos de Meta, Instagram, y facilitar\u00e1 a las personas encontrar y rastrear las mismas cuentas que se ubican all\u00ed. La p\u00e1gina de la <a href=\"https:\/\/apps.apple.com\/us\/app\/threads-an-instagram-app\/id6446901002\" target=\"_blank\" rel=\"noreferrer noopener\" data-type=\"URL\" data-id=\"https:\/\/apps.apple.com\/us\/app\/threads-an-instagram-app\/id6446901002\">App Store<\/a> anuncia que Threads estar\u00e1 disponible este jueves 6 de julio..<\/p>\n<h2 class=\"wp-block-heading\">\u00bfPOR QUE META LANZA UNA ALTERNATIVA A TWITTER?<\/h2>\n<p>Meta tiene claro que quiere quedarse con los usuarios de Twitter. El director de productos de Meta, Chris Cox describi\u00f3 Threads como \u00ab<strong>nuestra respuesta a Twitter<\/strong>\u00bb en una reuni\u00f3n de toda la compa\u00f1\u00eda en junio reportado por The Verge. \u00abHemos accedido a la petici\u00f3n de creadores de contenido y figuras p\u00fablicas que est\u00e1n interesadas en tener una plataforma que se administre con cordura\u00bb, a\u00f1adi\u00f3.<\/p>\n<h2 class=\"wp-block-heading\">\u00bfQUE HA PASADO EN TWITTER CON MUSK?<\/h2>\n<p><strong>Twitter ha reemplazado su sistema de verificaci\u00f3n de check azul con una oferta de suscripci\u00f3n a cambio de una cuota mensual.<\/strong> A su vez despidi\u00f3 a m\u00e1s de la mitad de la fuerza laboral de la compa\u00f1\u00eda e implement\u00f3 u<a href=\"https:\/\/www.merca2.es\/2023\/07\/03\/twitter-limitaciones-1360070\/\" target=\"_blank\" rel=\"noreferrer noopener\" data-type=\"URL\" data-id=\"https:\/\/www.merca2.es\/2023\/07\/03\/twitter-limitaciones-1360070\/\">n controvertido limite sobre la cantidad de publicaciones que los usuarios pueden ver cada d\u00eda<\/a>. En julio, la plataforma dijo el acceso a su servicio TweetDeck se limitar\u00eda a los suscriptores de pago a partir de agosto, lo que eliminar\u00eda los usuarios gratuitos.<\/p>\n<p>Muchos de estos cambios han generado cr\u00edticas de los usuarios y han llevado a boicots por parte de organizaciones de noticias como NPR. <strong>Los reguladores de la Uni\u00f3n Europea han dicho que Twitter debe emplear m\u00e1s recursos para abordar el contenido sensible<\/strong>, incluidas las im\u00e1genes de abuso infantil, y controlar la desinformaci\u00f3n en torno a las elecciones.<\/p>\n<h2 class=\"wp-block-heading\">\u00bfCUANTAS PERSONAS HAN ABANDONADO TWITTER?<\/h2>\n<p>Es dif\u00edcil saberlo porque<strong> Twitter ya no publica informaci\u00f3n sobre cu\u00e1ntos usuarios tiene<\/strong>. Varias personalidades con muchos seguidores dejaron de usarlo poco despu\u00e9s de que Musk se hiciera cargo, incluida la estrella de televisi\u00f3n Oprah Winfrey y el m\u00fasico Elton John, cuyas cuentas no han compartido un tuit desde fines de 2022. Los actores Jim Carrey y Whoopi Goldberg eliminaron sus cuentas.<\/p>\n<p>Varias aplicaciones que se comercializan como <strong>alternativas a Twitter, incluida la de c\u00f3digo abierto red social Mastodonte y solo por invitaci\u00f3n Bluesky Social<\/strong>, una aplicaci\u00f3n creada en Twitter por su exdirector ejecutivo Jack Dorsey, vio un aumento en el n\u00famero de usuarios desde que Musk asumi\u00f3 el control de Twitter. Mastodon ten\u00eda m\u00e1s de 13 millones de cuentas a mediados de 2023, seg\u00fan una cuenta que rastrea los n\u00fameros de usuarios, en comparaci\u00f3n con los 9 millones de febrero.<\/p>\n<div class=\"code-block code-block-1\">\n<p>&nbsp;<\/p>\n<div id=\"div-merca2_parrafo9_movil\"><\/div>\n<p>&nbsp;<\/p>\n<\/div>\n<p>Tampoco la influencia de Instagram de Meta, que ten\u00eda 2.000 millones de usuarios activos mensuales a diciembre de 2021, seg\u00fan las cifras de Meta. Todo ello si se compara con los 330 millones de usuarios activos mensuales en Twitter en el primer trimestre de 2019, la \u00faltima vez que la compa\u00f1\u00eda public\u00f3 esos n\u00fameros.<\/p>\n<div class=\"code-block code-block-8\">\n<p>&nbsp;<\/p>\n<div id=\"div-merca2_bajo_articulo_2_movil\"><\/div>\n<p>&nbsp;<\/p>\n<\/div>\n<h2 class=\"wp-block-heading\">THREADS ESTARA DESCENTRALIZADO, \u00bfQUE SIGNIFICA ESTO?<\/h2>\n<p><strong>Threads se integrar\u00e1 con algo llamado ActivityPub<\/strong>, que es un protocolo de redes sociales descentralizado creado por World Wide Web Consortium, una organizaci\u00f3n internacional que desarrolla est\u00e1ndares abiertos para la web. ActivityPub proporciona una forma para que diferentes servicios compartan informaci\u00f3n. Esto permite a los usuarios comparar diferentes plataformas, adem\u00e1s de darles m\u00e1s control sobre c\u00f3mo se utilizan sus datos.<\/p>\n<p><strong>La mayor\u00eda de las grandes plataformas de redes sociales est\u00e1n controladas por empresas privadas<\/strong>, que limitan la cantidad de usuarios que pueden controlar y transferir sus redes de amigos a servicios rivales. Queda por ver c\u00f3mo se integrar\u00e1 Threads con ActivityPub. Instagram, la plataforma a la que est\u00e1 afiliada ya que no se ejecuta en dicho servicio.<\/p>\n<p style=\"font-size: 70%;\">Fuente: Merca2<\/p>\n<p><a href=\"https:\/\/centro-cee.com\/web\/category\/noticias\/\">Atr\u00e1s<\/a><\/p>\n<hr \/>\n<p style=\"font-size: 70%;\"><em>Threads la nueva red social de Meta<\/em><\/p>\n","protected":false},"excerpt":{"rendered":"","protected":false},"author":2,"featured_media":1342,"comment_status":"closed","ping_status":"closed","sticky":false,"template":"","format":"standard","meta":{"footnotes":""},"categories":[1],"tags":[39,441,440,508,507,109],"class_list":["post-1341","post","type-post","status-publish","format-standard","has-post-thumbnail","hentry","category-noticias","tag-cee","tag-mark-zuckerberg","tag-meta","tag-redes","tag-threads","tag-twitter"],"yoast_head":"<!-- This site is optimized with the Yoast SEO plugin v27.5 - https:\/\/yoast.com\/product\/yoast-seo-wordpress\/ -->\n<title>Threads la nueva red social de Meta - CEE Centro Europeo E-learning - Cursos online<\/title>\n<meta name=\"description\" content=\"Threads la nueva red social de Meta, revisa las \u00faltimas noticias sobre este lanzamiento de Meta, noticias Centro CEE\" \/>\n<meta name=\"robots\" content=\"index, follow, max-snippet:-1, max-image-preview:large, max-video-preview:-1\" \/>\n<link rel=\"canonical\" href=\"https:\/\/centro-cee.com\/web\/threads-la-nueva-red-social-de-meta\/\" \/>\n<meta property=\"og:locale\" content=\"es_ES\" \/>\n<meta property=\"og:type\" content=\"article\" \/>\n<meta property=\"og:title\" content=\"Threads la nueva red social de Meta - CEE Centro Europeo E-learning - Cursos online\" \/>\n<meta property=\"og:description\" content=\"Threads la nueva red social de Meta, revisa las \u00faltimas noticias sobre este lanzamiento de Meta, noticias Centro CEE\" \/>\n<meta property=\"og:url\" content=\"https:\/\/centro-cee.com\/web\/threads-la-nueva-red-social-de-meta\/\" \/>\n<meta property=\"og:site_name\" content=\"CEE Centro Europeo E-learning - Cursos online\" \/>\n<meta property=\"article:published_time\" content=\"2023-07-05T15:08:07+00:00\" \/>\n<meta property=\"article:modified_time\" content=\"2023-07-05T15:08:24+00:00\" \/>\n<meta property=\"og:image\" content=\"https:\/\/centro-cee.com\/web\/wp-content\/uploads\/2023\/07\/Threads.jpeg\" \/>\n\t<meta property=\"og:image:width\" content=\"450\" \/>\n\t<meta property=\"og:image:height\" content=\"277\" \/>\n\t<meta property=\"og:image:type\" content=\"image\/jpeg\" \/>\n<meta name=\"author\" content=\"Edici\u00f3n\" \/>\n<meta name=\"twitter:card\" content=\"summary_large_image\" \/>\n<meta name=\"twitter:label1\" content=\"Escrito por\" \/>\n\t<meta name=\"twitter:data1\" content=\"Edici\u00f3n\" \/>\n\t<meta name=\"twitter:label2\" content=\"Tiempo de lectura\" \/>\n\t<meta name=\"twitter:data2\" content=\"5 minutos\" \/>\n<script type=\"application\/ld+json\" class=\"yoast-schema-graph\">{\"@context\":\"https:\\\/\\\/schema.org\",\"@graph\":[{\"@type\":\"Article\",\"@id\":\"https:\\\/\\\/centro-cee.com\\\/web\\\/threads-la-nueva-red-social-de-meta\\\/#article\",\"isPartOf\":{\"@id\":\"https:\\\/\\\/centro-cee.com\\\/web\\\/threads-la-nueva-red-social-de-meta\\\/\"},\"author\":{\"name\":\"Edici\u00f3n\",\"@id\":\"https:\\\/\\\/centro-cee.com\\\/web\\\/#\\\/schema\\\/person\\\/24bfbcbf6dc0b6bfac34beca30e9d1d6\"},\"headline\":\"Threads la nueva red social de Meta\",\"datePublished\":\"2023-07-05T15:08:07+00:00\",\"dateModified\":\"2023-07-05T15:08:24+00:00\",\"mainEntityOfPage\":{\"@id\":\"https:\\\/\\\/centro-cee.com\\\/web\\\/threads-la-nueva-red-social-de-meta\\\/\"},\"wordCount\":978,\"publisher\":{\"@id\":\"https:\\\/\\\/centro-cee.com\\\/web\\\/#organization\"},\"image\":{\"@id\":\"https:\\\/\\\/centro-cee.com\\\/web\\\/threads-la-nueva-red-social-de-meta\\\/#primaryimage\"},\"thumbnailUrl\":\"https:\\\/\\\/centro-cee.com\\\/web\\\/wp-content\\\/uploads\\\/2023\\\/07\\\/Threads.jpeg\",\"keywords\":[\"cee\",\"Mark Zuckerberg\",\"meta\",\"redes\",\"threads\",\"twitter\"],\"articleSection\":[\"Noticias\"],\"inLanguage\":\"es\"},{\"@type\":\"WebPage\",\"@id\":\"https:\\\/\\\/centro-cee.com\\\/web\\\/threads-la-nueva-red-social-de-meta\\\/\",\"url\":\"https:\\\/\\\/centro-cee.com\\\/web\\\/threads-la-nueva-red-social-de-meta\\\/\",\"name\":\"Threads la nueva red social de Meta - CEE Centro Europeo E-learning - Cursos online\",\"isPartOf\":{\"@id\":\"https:\\\/\\\/centro-cee.com\\\/web\\\/#website\"},\"primaryImageOfPage\":{\"@id\":\"https:\\\/\\\/centro-cee.com\\\/web\\\/threads-la-nueva-red-social-de-meta\\\/#primaryimage\"},\"image\":{\"@id\":\"https:\\\/\\\/centro-cee.com\\\/web\\\/threads-la-nueva-red-social-de-meta\\\/#primaryimage\"},\"thumbnailUrl\":\"https:\\\/\\\/centro-cee.com\\\/web\\\/wp-content\\\/uploads\\\/2023\\\/07\\\/Threads.jpeg\",\"datePublished\":\"2023-07-05T15:08:07+00:00\",\"dateModified\":\"2023-07-05T15:08:24+00:00\",\"description\":\"Threads la nueva red social de Meta, revisa las \u00faltimas noticias sobre este lanzamiento de Meta, noticias Centro CEE\",\"breadcrumb\":{\"@id\":\"https:\\\/\\\/centro-cee.com\\\/web\\\/threads-la-nueva-red-social-de-meta\\\/#breadcrumb\"},\"inLanguage\":\"es\",\"potentialAction\":[{\"@type\":\"ReadAction\",\"target\":[\"https:\\\/\\\/centro-cee.com\\\/web\\\/threads-la-nueva-red-social-de-meta\\\/\"]}]},{\"@type\":\"ImageObject\",\"inLanguage\":\"es\",\"@id\":\"https:\\\/\\\/centro-cee.com\\\/web\\\/threads-la-nueva-red-social-de-meta\\\/#primaryimage\",\"url\":\"https:\\\/\\\/centro-cee.com\\\/web\\\/wp-content\\\/uploads\\\/2023\\\/07\\\/Threads.jpeg\",\"contentUrl\":\"https:\\\/\\\/centro-cee.com\\\/web\\\/wp-content\\\/uploads\\\/2023\\\/07\\\/Threads.jpeg\",\"width\":450,\"height\":277},{\"@type\":\"BreadcrumbList\",\"@id\":\"https:\\\/\\\/centro-cee.com\\\/web\\\/threads-la-nueva-red-social-de-meta\\\/#breadcrumb\",\"itemListElement\":[{\"@type\":\"ListItem\",\"position\":1,\"name\":\"Portada\",\"item\":\"https:\\\/\\\/centro-cee.com\\\/web\\\/\"},{\"@type\":\"ListItem\",\"position\":2,\"name\":\"Threads la nueva red social de Meta\"}]},{\"@type\":\"WebSite\",\"@id\":\"https:\\\/\\\/centro-cee.com\\\/web\\\/#website\",\"url\":\"https:\\\/\\\/centro-cee.com\\\/web\\\/\",\"name\":\"Centro Europeo E-learning\",\"description\":\"CEE Formaci\u00f3n Online\",\"publisher\":{\"@id\":\"https:\\\/\\\/centro-cee.com\\\/web\\\/#organization\"},\"alternateName\":\"Centro Online de Formaci\u00f3n\",\"potentialAction\":[{\"@type\":\"SearchAction\",\"target\":{\"@type\":\"EntryPoint\",\"urlTemplate\":\"https:\\\/\\\/centro-cee.com\\\/web\\\/?s={search_term_string}\"},\"query-input\":{\"@type\":\"PropertyValueSpecification\",\"valueRequired\":true,\"valueName\":\"search_term_string\"}}],\"inLanguage\":\"es\"},{\"@type\":\"Organization\",\"@id\":\"https:\\\/\\\/centro-cee.com\\\/web\\\/#organization\",\"name\":\"Centro Europeo E-learning CEE\",\"url\":\"https:\\\/\\\/centro-cee.com\\\/web\\\/\",\"logo\":{\"@type\":\"ImageObject\",\"inLanguage\":\"es\",\"@id\":\"https:\\\/\\\/centro-cee.com\\\/web\\\/#\\\/schema\\\/logo\\\/image\\\/\",\"url\":\"https:\\\/\\\/centro-cee.com\\\/web\\\/wp-content\\\/uploads\\\/2022\\\/12\\\/cropped-logo_educa.png\",\"contentUrl\":\"https:\\\/\\\/centro-cee.com\\\/web\\\/wp-content\\\/uploads\\\/2022\\\/12\\\/cropped-logo_educa.png\",\"width\":157,\"height\":63,\"caption\":\"Centro Europeo E-learning CEE\"},\"image\":{\"@id\":\"https:\\\/\\\/centro-cee.com\\\/web\\\/#\\\/schema\\\/logo\\\/image\\\/\"},\"sameAs\":[\"https:\\\/\\\/www.instagram.com\\\/centroeuropeo_cee\"]},{\"@type\":\"Person\",\"@id\":\"https:\\\/\\\/centro-cee.com\\\/web\\\/#\\\/schema\\\/person\\\/24bfbcbf6dc0b6bfac34beca30e9d1d6\",\"name\":\"Edici\u00f3n\",\"image\":{\"@type\":\"ImageObject\",\"inLanguage\":\"es\",\"@id\":\"https:\\\/\\\/secure.gravatar.com\\\/avatar\\\/0a624005c10688edf13034d7c3734e8b9f3bf7083d2ca657e150b27a6bb4ba18?s=96&d=mm&r=g\",\"url\":\"https:\\\/\\\/secure.gravatar.com\\\/avatar\\\/0a624005c10688edf13034d7c3734e8b9f3bf7083d2ca657e150b27a6bb4ba18?s=96&d=mm&r=g\",\"contentUrl\":\"https:\\\/\\\/secure.gravatar.com\\\/avatar\\\/0a624005c10688edf13034d7c3734e8b9f3bf7083d2ca657e150b27a6bb4ba18?s=96&d=mm&r=g\",\"caption\":\"Edici\u00f3n\"},\"url\":\"https:\\\/\\\/centro-cee.com\\\/web\\\/author\\\/edicion\\\/\"}]}<\/script>\n<!-- \/ Yoast SEO plugin. -->","yoast_head_json":{"title":"Threads la nueva red social de Meta - CEE Centro Europeo E-learning - Cursos online","description":"Threads la nueva red social de Meta, revisa las \u00faltimas noticias sobre este lanzamiento de Meta, noticias Centro CEE","robots":{"index":"index","follow":"follow","max-snippet":"max-snippet:-1","max-image-preview":"max-image-preview:large","max-video-preview":"max-video-preview:-1"},"canonical":"https:\/\/centro-cee.com\/web\/threads-la-nueva-red-social-de-meta\/","og_locale":"es_ES","og_type":"article","og_title":"Threads la nueva red social de Meta - CEE Centro Europeo E-learning - Cursos online","og_description":"Threads la nueva red social de Meta, revisa las \u00faltimas noticias sobre este lanzamiento de Meta, noticias Centro CEE","og_url":"https:\/\/centro-cee.com\/web\/threads-la-nueva-red-social-de-meta\/","og_site_name":"CEE Centro Europeo E-learning - Cursos online","article_published_time":"2023-07-05T15:08:07+00:00","article_modified_time":"2023-07-05T15:08:24+00:00","og_image":[{"width":450,"height":277,"url":"https:\/\/centro-cee.com\/web\/wp-content\/uploads\/2023\/07\/Threads.jpeg","type":"image\/jpeg"}],"author":"Edici\u00f3n","twitter_card":"summary_large_image","twitter_misc":{"Escrito por":"Edici\u00f3n","Tiempo de lectura":"5 minutos"},"schema":{"@context":"https:\/\/schema.org","@graph":[{"@type":"Article","@id":"https:\/\/centro-cee.com\/web\/threads-la-nueva-red-social-de-meta\/#article","isPartOf":{"@id":"https:\/\/centro-cee.com\/web\/threads-la-nueva-red-social-de-meta\/"},"author":{"name":"Edici\u00f3n","@id":"https:\/\/centro-cee.com\/web\/#\/schema\/person\/24bfbcbf6dc0b6bfac34beca30e9d1d6"},"headline":"Threads la nueva red social de Meta","datePublished":"2023-07-05T15:08:07+00:00","dateModified":"2023-07-05T15:08:24+00:00","mainEntityOfPage":{"@id":"https:\/\/centro-cee.com\/web\/threads-la-nueva-red-social-de-meta\/"},"wordCount":978,"publisher":{"@id":"https:\/\/centro-cee.com\/web\/#organization"},"image":{"@id":"https:\/\/centro-cee.com\/web\/threads-la-nueva-red-social-de-meta\/#primaryimage"},"thumbnailUrl":"https:\/\/centro-cee.com\/web\/wp-content\/uploads\/2023\/07\/Threads.jpeg","keywords":["cee","Mark Zuckerberg","meta","redes","threads","twitter"],"articleSection":["Noticias"],"inLanguage":"es"},{"@type":"WebPage","@id":"https:\/\/centro-cee.com\/web\/threads-la-nueva-red-social-de-meta\/","url":"https:\/\/centro-cee.com\/web\/threads-la-nueva-red-social-de-meta\/","name":"Threads la nueva red social de Meta - CEE Centro Europeo E-learning - Cursos online","isPartOf":{"@id":"https:\/\/centro-cee.com\/web\/#website"},"primaryImageOfPage":{"@id":"https:\/\/centro-cee.com\/web\/threads-la-nueva-red-social-de-meta\/#primaryimage"},"image":{"@id":"https:\/\/centro-cee.com\/web\/threads-la-nueva-red-social-de-meta\/#primaryimage"},"thumbnailUrl":"https:\/\/centro-cee.com\/web\/wp-content\/uploads\/2023\/07\/Threads.jpeg","datePublished":"2023-07-05T15:08:07+00:00","dateModified":"2023-07-05T15:08:24+00:00","description":"Threads la nueva red social de Meta, revisa las \u00faltimas noticias sobre este lanzamiento de Meta, noticias Centro CEE","breadcrumb":{"@id":"https:\/\/centro-cee.com\/web\/threads-la-nueva-red-social-de-meta\/#breadcrumb"},"inLanguage":"es","potentialAction":[{"@type":"ReadAction","target":["https:\/\/centro-cee.com\/web\/threads-la-nueva-red-social-de-meta\/"]}]},{"@type":"ImageObject","inLanguage":"es","@id":"https:\/\/centro-cee.com\/web\/threads-la-nueva-red-social-de-meta\/#primaryimage","url":"https:\/\/centro-cee.com\/web\/wp-content\/uploads\/2023\/07\/Threads.jpeg","contentUrl":"https:\/\/centro-cee.com\/web\/wp-content\/uploads\/2023\/07\/Threads.jpeg","width":450,"height":277},{"@type":"BreadcrumbList","@id":"https:\/\/centro-cee.com\/web\/threads-la-nueva-red-social-de-meta\/#breadcrumb","itemListElement":[{"@type":"ListItem","position":1,"name":"Portada","item":"https:\/\/centro-cee.com\/web\/"},{"@type":"ListItem","position":2,"name":"Threads la nueva red social de Meta"}]},{"@type":"WebSite","@id":"https:\/\/centro-cee.com\/web\/#website","url":"https:\/\/centro-cee.com\/web\/","name":"Centro Europeo E-learning","description":"CEE Formaci\u00f3n Online","publisher":{"@id":"https:\/\/centro-cee.com\/web\/#organization"},"alternateName":"Centro Online de Formaci\u00f3n","potentialAction":[{"@type":"SearchAction","target":{"@type":"EntryPoint","urlTemplate":"https:\/\/centro-cee.com\/web\/?s={search_term_string}"},"query-input":{"@type":"PropertyValueSpecification","valueRequired":true,"valueName":"search_term_string"}}],"inLanguage":"es"},{"@type":"Organization","@id":"https:\/\/centro-cee.com\/web\/#organization","name":"Centro Europeo E-learning CEE","url":"https:\/\/centro-cee.com\/web\/","logo":{"@type":"ImageObject","inLanguage":"es","@id":"https:\/\/centro-cee.com\/web\/#\/schema\/logo\/image\/","url":"https:\/\/centro-cee.com\/web\/wp-content\/uploads\/2022\/12\/cropped-logo_educa.png","contentUrl":"https:\/\/centro-cee.com\/web\/wp-content\/uploads\/2022\/12\/cropped-logo_educa.png","width":157,"height":63,"caption":"Centro Europeo E-learning CEE"},"image":{"@id":"https:\/\/centro-cee.com\/web\/#\/schema\/logo\/image\/"},"sameAs":["https:\/\/www.instagram.com\/centroeuropeo_cee"]},{"@type":"Person","@id":"https:\/\/centro-cee.com\/web\/#\/schema\/person\/24bfbcbf6dc0b6bfac34beca30e9d1d6","name":"Edici\u00f3n","image":{"@type":"ImageObject","inLanguage":"es","@id":"https:\/\/secure.gravatar.com\/avatar\/0a624005c10688edf13034d7c3734e8b9f3bf7083d2ca657e150b27a6bb4ba18?s=96&d=mm&r=g","url":"https:\/\/secure.gravatar.com\/avatar\/0a624005c10688edf13034d7c3734e8b9f3bf7083d2ca657e150b27a6bb4ba18?s=96&d=mm&r=g","contentUrl":"https:\/\/secure.gravatar.com\/avatar\/0a624005c10688edf13034d7c3734e8b9f3bf7083d2ca657e150b27a6bb4ba18?s=96&d=mm&r=g","caption":"Edici\u00f3n"},"url":"https:\/\/centro-cee.com\/web\/author\/edicion\/"}]}},"_links":{"self":[{"href":"https:\/\/centro-cee.com\/web\/wp-json\/wp\/v2\/posts\/1341","targetHints":{"allow":["GET"]}}],"collection":[{"href":"https:\/\/centro-cee.com\/web\/wp-json\/wp\/v2\/posts"}],"about":[{"href":"https:\/\/centro-cee.com\/web\/wp-json\/wp\/v2\/types\/post"}],"author":[{"embeddable":true,"href":"https:\/\/centro-cee.com\/web\/wp-json\/wp\/v2\/users\/2"}],"replies":[{"embeddable":true,"href":"https:\/\/centro-cee.com\/web\/wp-json\/wp\/v2\/comments?post=1341"}],"version-history":[{"count":2,"href":"https:\/\/centro-cee.com\/web\/wp-json\/wp\/v2\/posts\/1341\/revisions"}],"predecessor-version":[{"id":1373,"href":"https:\/\/centro-cee.com\/web\/wp-json\/wp\/v2\/posts\/1341\/revisions\/1373"}],"wp:featuredmedia":[{"embeddable":true,"href":"https:\/\/centro-cee.com\/web\/wp-json\/wp\/v2\/media\/1342"}],"wp:attachment":[{"href":"https:\/\/centro-cee.com\/web\/wp-json\/wp\/v2\/media?parent=1341"}],"wp:term":[{"taxonomy":"category","embeddable":true,"href":"https:\/\/centro-cee.com\/web\/wp-json\/wp\/v2\/categories?post=1341"},{"taxonomy":"post_tag","embeddable":true,"href":"https:\/\/centro-cee.com\/web\/wp-json\/wp\/v2\/tags?post=1341"}],"curies":[{"name":"wp","href":"https:\/\/api.w.org\/{rel}","templated":true}]}}