{"id":1230,"date":"2023-04-25T21:39:17","date_gmt":"2023-04-25T21:39:17","guid":{"rendered":"https:\/\/centro-cee.com\/web\/?p=1230"},"modified":"2023-04-25T21:51:54","modified_gmt":"2023-04-25T21:51:54","slug":"es-posible-que-facebook-te-deba-dinero","status":"publish","type":"post","link":"https:\/\/centro-cee.com\/web\/es-posible-que-facebook-te-deba-dinero\/","title":{"rendered":"Es posible que Facebook te deba dinero"},"content":{"rendered":"<p><!--more--><\/p>\n<p><em><strong>Es posible que Facebook te deba dinero<\/strong><\/em><\/p>\n<p>La realidad es que desde que decidieron empezar a jugar en el metaverso y cambiarse el nombre las cosas para la empresa de Mark Zuckerberg no han ido especialmente bien. Sea bajo el paraguas de Meta o el de Facebook parece seguir sumando problemas que han acarreado despidos, controversias y por momentos golpes al valor de sus acciones en la bolsa.<strong> Pero a pesar de todo ello la empresa sum\u00f3 23.000 millones de d\u00f3lares, casi 21.000 millones de euros, gracias a la venta de anuncios dirigidos.<\/strong><\/p>\n<p>Quiz\u00e1s por eso no les tembl\u00f3 el pulso al hacer finalmente un mea culpa por su relaci\u00f3n con<a href=\"https:\/\/www.que.es\/2022\/11\/22\/consejos-mantener-privado-datos-facebook\/?utm_campaign=facebook\" target=\"_blank\" rel=\"noopener\"> \u2018Cambrige Analitica\u2019<\/a> aun si este les est\u00e1 costando unos 725 millones de d\u00f3lares, alrededor de 660 millones de euros. Un monto nada peque\u00f1o, pero que con los n\u00fameros de la empresa no deja de ser una multa de tr\u00e1fico. Aun as\u00ed para algunos usuarios puede ser un desliz que signifique una importante oportunidad econ\u00f3mica, despu\u00e9s de todo la mayor\u00eda de los usuarios no tienen bolsillos tan grades como los del se\u00f1or Zuckerberg.<\/p>\n<p><strong>Espec\u00edficamente los usuarios que pueden recibir una pieza de este pastel son aquellos que usaron Facebook entre 2007 y 2022, y viv\u00edan en Estados Unidos para esa \u00e9poca.<\/strong> Es que un acuerdo entre Meta y los abogados un grupo de usuarios que presentaron una denuncia por el uso indebido de datos ha llevado a la empresa a la decisi\u00f3n de asumir estos pagos, todo con tal de pasar la p\u00e1gina de una controversia que arrastran desde 2018 y que hizo un da\u00f1o bastante permanente a la reputaci\u00f3n de la red, quiz\u00e1s hasta m\u00e1s que la cinta de David Fincher sobre su fundaci\u00f3n.<\/p>\n<p>En cualquier caso lo sucedido con Facebook abri\u00f3 el mel\u00f3n del uso de los datos de los usuarios por parte de este tipo de espacios. Al mismo tiempo los ingresos de la compa\u00f1\u00eda dependen en buen nivel de que los anunciantes puedan apuntar por clientes que saben pondr\u00e1n el ojo en el anuncio, no es casual que veamos en las redes de Meta los anuncios de los productos que revisamos en Google o Amazon el d\u00eda anterior. Pero la preocupaci\u00f3n real es que estos datos tambi\u00e9n se usan para mostrar a los usuarios anuncios de propaganda pol\u00edtica. <a href=\"https:\/\/www.merca2.es\/2022\/11\/11\/descargar-videos-publicos-privados-facebook-1134540\/?utm_campaign=facebook\">Esto \u00faltimo se ha se\u00f1alado como una de las causas del crecimiento de las \u2018Fake News\u2019 en la red.\u00a0<\/a><\/p>\n<h2><strong>LAS REDES SOCIALES EN EL PUNTO DE MIRA<\/strong><\/h2>\n<p>La realidad es que \u00faltimamente las redes sociales han sido la comidilla de medios de comunicaci\u00f3n y gobiernos. Es que la situaci\u00f3n de estos espacios digitales se ha vuelto delicada no solo por como utilizan los datos, sino por la inc\u00f3moda relaci\u00f3n que algunas de estas mantienen con ciertos factores pol\u00edticos. <strong>Quiz\u00e1s en este punto la m\u00e1s preocupante sea la conocida conexi\u00f3n entre TikTok, con distancia la red social m\u00e1s utilizada por la generaci\u00f3n Z.<\/strong><\/p>\n<p>&nbsp;<\/p>\n<p>En cualquier caso las dem\u00e1s no se han salvado de una revisi\u00f3n m\u00e1s cercana por parte de los reguladores. Si se suma la controversia generada por el mal manejo que Elon Musk ha hecho de Twitter, en especial de la funci\u00f3n de verificaci\u00f3n. Pareciera que solo LinkedIn ha escapado de momento de este tipo de ex\u00e1menes por parte de los reguladores, quiz\u00e1s por su existencia como un espacio dise\u00f1ado directamente para profesionales que evita otro tipo de contenido en su red. Es que Facebook no es la \u00fanica con problemas.<\/p>\n<p><strong>De todos modos aunque las regulaciones sobre uso de datos sean necesarias las redes parecen afincarse cada d\u00eda m\u00e1s en la rutina de sus usuarios.<\/strong> No es casual que cuando Twitter pas\u00f3 por su momento m\u00e1s complicado tras la compra de la empresa por parte de Elon Musk varios de sus usuarios hayan decidido apuntar a por alguna de las opciones que se hicieron populares por esos d\u00edas. Es que se han vuelto un servicio necesario.<\/p>\n<h2><strong>EL METAVERSO ESTANCADO DE FACEBOOK<\/strong><\/h2>\n<p><strong>Mientras tanto la empresa no debe tener este problema como su principal preocupaci\u00f3n. Es que la realidad es que su gran nueva inversi\u00f3n, y el motivo por que se cambiaron el nombre, el Metaverso, no ha prosperado como lo esperaban.<\/strong> Lo m\u00e1s probable es que sea porque la tecnolog\u00eda no est\u00e1 en el punto de hacer los aparatos necesarios accesibles econ\u00f3micamente para la mayor\u00eda de los usuarios, en cualquier caso es un fracaso que ha tenido consecuencias no solo econ\u00f3micas sino tambi\u00e9n para su imagen para sus inversores y anunciantes.<\/p>\n<p><strong>Por tanto, lo m\u00e1s probable es que quitarse este esc\u00e1ndalo de encima sirva para intentar invertir en esta nueva tecnolog\u00eda tan llamativa para su fundador.<\/strong> Como siempre es imposible saber con exactitud como funcionara la tecnolog\u00eda en los pr\u00f3ximos a\u00f1os, o incluso en los pr\u00f3ximos meses. Visto as\u00ed es complicado imaginar con exactitud como funcionaran las estrategias de Meta y Facebook de los pr\u00f3ximos a\u00f1os o incluso de los pr\u00f3ximos meses o d\u00edas.<\/p>\n<p style=\"font-size: 70%;\">Fuente: Merca2<\/p>\n<p>&nbsp;<\/p>\n<p><a href=\"https:\/\/centro-cee.com\/web\/category\/noticias\/\">Atr\u00e1s<\/a><\/p>\n<hr \/>\n<p style=\"font-size: 70%;\"><em><strong>Es posible que Facebook te deba dinero<\/strong><\/em><\/p>\n","protected":false},"excerpt":{"rendered":"","protected":false},"author":2,"featured_media":492,"comment_status":"closed","ping_status":"closed","sticky":false,"template":"","format":"standard","meta":{"footnotes":""},"categories":[1],"tags":[39,117,441,440,442],"class_list":["post-1230","post","type-post","status-publish","format-standard","has-post-thumbnail","hentry","category-noticias","tag-cee","tag-facebook","tag-mark-zuckerberg","tag-meta","tag-multiverso"],"yoast_head":"<!-- This site is optimized with the Yoast SEO plugin v27.5 - https:\/\/yoast.com\/product\/yoast-seo-wordpress\/ -->\n<title>Es posible que Facebook te deba dinero - Centro CEE<\/title>\n<meta name=\"description\" content=\"Es posible que Facebook te deba dinero, la empresa de Mark Zuckerberg no han ido especialmente bien. Sigue las noticias de Centro CEE\" \/>\n<meta name=\"robots\" content=\"index, follow, max-snippet:-1, max-image-preview:large, max-video-preview:-1\" \/>\n<link rel=\"canonical\" href=\"https:\/\/centro-cee.com\/web\/es-posible-que-facebook-te-deba-dinero\/\" \/>\n<meta property=\"og:locale\" content=\"es_ES\" \/>\n<meta property=\"og:type\" content=\"article\" \/>\n<meta property=\"og:title\" content=\"Es posible que Facebook te deba dinero - Centro CEE\" \/>\n<meta property=\"og:description\" content=\"Es posible que Facebook te deba dinero, la empresa de Mark Zuckerberg no han ido especialmente bien. Sigue las noticias de Centro CEE\" \/>\n<meta property=\"og:url\" content=\"https:\/\/centro-cee.com\/web\/es-posible-que-facebook-te-deba-dinero\/\" \/>\n<meta property=\"og:site_name\" content=\"CEE Centro Europeo E-learning - Cursos online\" \/>\n<meta property=\"article:published_time\" content=\"2023-04-25T21:39:17+00:00\" \/>\n<meta property=\"article:modified_time\" content=\"2023-04-25T21:51:54+00:00\" \/>\n<meta property=\"og:image\" content=\"https:\/\/centro-cee.com\/web\/wp-content\/uploads\/2020\/06\/facebook-830x553-1-e1682459357995.jpg\" \/>\n\t<meta property=\"og:image:width\" content=\"830\" \/>\n\t<meta property=\"og:image:height\" content=\"211\" \/>\n\t<meta property=\"og:image:type\" content=\"image\/jpeg\" \/>\n<meta name=\"author\" content=\"Edici\u00f3n\" \/>\n<meta name=\"twitter:card\" content=\"summary_large_image\" \/>\n<meta name=\"twitter:label1\" content=\"Escrito por\" \/>\n\t<meta name=\"twitter:data1\" content=\"Edici\u00f3n\" \/>\n\t<meta name=\"twitter:label2\" content=\"Tiempo de lectura\" \/>\n\t<meta name=\"twitter:data2\" content=\"4 minutos\" \/>\n<script type=\"application\/ld+json\" class=\"yoast-schema-graph\">{\"@context\":\"https:\\\/\\\/schema.org\",\"@graph\":[{\"@type\":\"Article\",\"@id\":\"https:\\\/\\\/centro-cee.com\\\/web\\\/es-posible-que-facebook-te-deba-dinero\\\/#article\",\"isPartOf\":{\"@id\":\"https:\\\/\\\/centro-cee.com\\\/web\\\/es-posible-que-facebook-te-deba-dinero\\\/\"},\"author\":{\"name\":\"Edici\u00f3n\",\"@id\":\"https:\\\/\\\/centro-cee.com\\\/web\\\/#\\\/schema\\\/person\\\/24bfbcbf6dc0b6bfac34beca30e9d1d6\"},\"headline\":\"Es posible que Facebook te deba dinero\",\"datePublished\":\"2023-04-25T21:39:17+00:00\",\"dateModified\":\"2023-04-25T21:51:54+00:00\",\"mainEntityOfPage\":{\"@id\":\"https:\\\/\\\/centro-cee.com\\\/web\\\/es-posible-que-facebook-te-deba-dinero\\\/\"},\"wordCount\":900,\"publisher\":{\"@id\":\"https:\\\/\\\/centro-cee.com\\\/web\\\/#organization\"},\"image\":{\"@id\":\"https:\\\/\\\/centro-cee.com\\\/web\\\/es-posible-que-facebook-te-deba-dinero\\\/#primaryimage\"},\"thumbnailUrl\":\"https:\\\/\\\/centro-cee.com\\\/web\\\/wp-content\\\/uploads\\\/2020\\\/06\\\/facebook-830x553-1-e1682459357995.jpg\",\"keywords\":[\"cee\",\"facebook\",\"Mark Zuckerberg\",\"meta\",\"multiverso\"],\"articleSection\":[\"Noticias\"],\"inLanguage\":\"es\"},{\"@type\":\"WebPage\",\"@id\":\"https:\\\/\\\/centro-cee.com\\\/web\\\/es-posible-que-facebook-te-deba-dinero\\\/\",\"url\":\"https:\\\/\\\/centro-cee.com\\\/web\\\/es-posible-que-facebook-te-deba-dinero\\\/\",\"name\":\"Es posible que Facebook te deba dinero - Centro CEE\",\"isPartOf\":{\"@id\":\"https:\\\/\\\/centro-cee.com\\\/web\\\/#website\"},\"primaryImageOfPage\":{\"@id\":\"https:\\\/\\\/centro-cee.com\\\/web\\\/es-posible-que-facebook-te-deba-dinero\\\/#primaryimage\"},\"image\":{\"@id\":\"https:\\\/\\\/centro-cee.com\\\/web\\\/es-posible-que-facebook-te-deba-dinero\\\/#primaryimage\"},\"thumbnailUrl\":\"https:\\\/\\\/centro-cee.com\\\/web\\\/wp-content\\\/uploads\\\/2020\\\/06\\\/facebook-830x553-1-e1682459357995.jpg\",\"datePublished\":\"2023-04-25T21:39:17+00:00\",\"dateModified\":\"2023-04-25T21:51:54+00:00\",\"description\":\"Es posible que Facebook te deba dinero, la empresa de Mark Zuckerberg no han ido especialmente bien. Sigue las noticias de Centro CEE\",\"breadcrumb\":{\"@id\":\"https:\\\/\\\/centro-cee.com\\\/web\\\/es-posible-que-facebook-te-deba-dinero\\\/#breadcrumb\"},\"inLanguage\":\"es\",\"potentialAction\":[{\"@type\":\"ReadAction\",\"target\":[\"https:\\\/\\\/centro-cee.com\\\/web\\\/es-posible-que-facebook-te-deba-dinero\\\/\"]}]},{\"@type\":\"ImageObject\",\"inLanguage\":\"es\",\"@id\":\"https:\\\/\\\/centro-cee.com\\\/web\\\/es-posible-que-facebook-te-deba-dinero\\\/#primaryimage\",\"url\":\"https:\\\/\\\/centro-cee.com\\\/web\\\/wp-content\\\/uploads\\\/2020\\\/06\\\/facebook-830x553-1-e1682459357995.jpg\",\"contentUrl\":\"https:\\\/\\\/centro-cee.com\\\/web\\\/wp-content\\\/uploads\\\/2020\\\/06\\\/facebook-830x553-1-e1682459357995.jpg\",\"width\":830,\"height\":211},{\"@type\":\"BreadcrumbList\",\"@id\":\"https:\\\/\\\/centro-cee.com\\\/web\\\/es-posible-que-facebook-te-deba-dinero\\\/#breadcrumb\",\"itemListElement\":[{\"@type\":\"ListItem\",\"position\":1,\"name\":\"Portada\",\"item\":\"https:\\\/\\\/centro-cee.com\\\/web\\\/\"},{\"@type\":\"ListItem\",\"position\":2,\"name\":\"Es posible que Facebook te deba dinero\"}]},{\"@type\":\"WebSite\",\"@id\":\"https:\\\/\\\/centro-cee.com\\\/web\\\/#website\",\"url\":\"https:\\\/\\\/centro-cee.com\\\/web\\\/\",\"name\":\"Centro Europeo E-learning\",\"description\":\"CEE Formaci\u00f3n Online\",\"publisher\":{\"@id\":\"https:\\\/\\\/centro-cee.com\\\/web\\\/#organization\"},\"alternateName\":\"Centro Online de Formaci\u00f3n\",\"potentialAction\":[{\"@type\":\"SearchAction\",\"target\":{\"@type\":\"EntryPoint\",\"urlTemplate\":\"https:\\\/\\\/centro-cee.com\\\/web\\\/?s={search_term_string}\"},\"query-input\":{\"@type\":\"PropertyValueSpecification\",\"valueRequired\":true,\"valueName\":\"search_term_string\"}}],\"inLanguage\":\"es\"},{\"@type\":\"Organization\",\"@id\":\"https:\\\/\\\/centro-cee.com\\\/web\\\/#organization\",\"name\":\"Centro Europeo E-learning CEE\",\"url\":\"https:\\\/\\\/centro-cee.com\\\/web\\\/\",\"logo\":{\"@type\":\"ImageObject\",\"inLanguage\":\"es\",\"@id\":\"https:\\\/\\\/centro-cee.com\\\/web\\\/#\\\/schema\\\/logo\\\/image\\\/\",\"url\":\"https:\\\/\\\/centro-cee.com\\\/web\\\/wp-content\\\/uploads\\\/2022\\\/12\\\/cropped-logo_educa.png\",\"contentUrl\":\"https:\\\/\\\/centro-cee.com\\\/web\\\/wp-content\\\/uploads\\\/2022\\\/12\\\/cropped-logo_educa.png\",\"width\":157,\"height\":63,\"caption\":\"Centro Europeo E-learning CEE\"},\"image\":{\"@id\":\"https:\\\/\\\/centro-cee.com\\\/web\\\/#\\\/schema\\\/logo\\\/image\\\/\"},\"sameAs\":[\"https:\\\/\\\/www.instagram.com\\\/centroeuropeo_cee\"]},{\"@type\":\"Person\",\"@id\":\"https:\\\/\\\/centro-cee.com\\\/web\\\/#\\\/schema\\\/person\\\/24bfbcbf6dc0b6bfac34beca30e9d1d6\",\"name\":\"Edici\u00f3n\",\"image\":{\"@type\":\"ImageObject\",\"inLanguage\":\"es\",\"@id\":\"https:\\\/\\\/secure.gravatar.com\\\/avatar\\\/0a624005c10688edf13034d7c3734e8b9f3bf7083d2ca657e150b27a6bb4ba18?s=96&d=mm&r=g\",\"url\":\"https:\\\/\\\/secure.gravatar.com\\\/avatar\\\/0a624005c10688edf13034d7c3734e8b9f3bf7083d2ca657e150b27a6bb4ba18?s=96&d=mm&r=g\",\"contentUrl\":\"https:\\\/\\\/secure.gravatar.com\\\/avatar\\\/0a624005c10688edf13034d7c3734e8b9f3bf7083d2ca657e150b27a6bb4ba18?s=96&d=mm&r=g\",\"caption\":\"Edici\u00f3n\"},\"url\":\"https:\\\/\\\/centro-cee.com\\\/web\\\/author\\\/edicion\\\/\"}]}<\/script>\n<!-- \/ Yoast SEO plugin. -->","yoast_head_json":{"title":"Es posible que Facebook te deba dinero - Centro CEE","description":"Es posible que Facebook te deba dinero, la empresa de Mark Zuckerberg no han ido especialmente bien. Sigue las noticias de Centro CEE","robots":{"index":"index","follow":"follow","max-snippet":"max-snippet:-1","max-image-preview":"max-image-preview:large","max-video-preview":"max-video-preview:-1"},"canonical":"https:\/\/centro-cee.com\/web\/es-posible-que-facebook-te-deba-dinero\/","og_locale":"es_ES","og_type":"article","og_title":"Es posible que Facebook te deba dinero - Centro CEE","og_description":"Es posible que Facebook te deba dinero, la empresa de Mark Zuckerberg no han ido especialmente bien. Sigue las noticias de Centro CEE","og_url":"https:\/\/centro-cee.com\/web\/es-posible-que-facebook-te-deba-dinero\/","og_site_name":"CEE Centro Europeo E-learning - Cursos online","article_published_time":"2023-04-25T21:39:17+00:00","article_modified_time":"2023-04-25T21:51:54+00:00","og_image":[{"width":830,"height":211,"url":"https:\/\/centro-cee.com\/web\/wp-content\/uploads\/2020\/06\/facebook-830x553-1-e1682459357995.jpg","type":"image\/jpeg"}],"author":"Edici\u00f3n","twitter_card":"summary_large_image","twitter_misc":{"Escrito por":"Edici\u00f3n","Tiempo de lectura":"4 minutos"},"schema":{"@context":"https:\/\/schema.org","@graph":[{"@type":"Article","@id":"https:\/\/centro-cee.com\/web\/es-posible-que-facebook-te-deba-dinero\/#article","isPartOf":{"@id":"https:\/\/centro-cee.com\/web\/es-posible-que-facebook-te-deba-dinero\/"},"author":{"name":"Edici\u00f3n","@id":"https:\/\/centro-cee.com\/web\/#\/schema\/person\/24bfbcbf6dc0b6bfac34beca30e9d1d6"},"headline":"Es posible que Facebook te deba dinero","datePublished":"2023-04-25T21:39:17+00:00","dateModified":"2023-04-25T21:51:54+00:00","mainEntityOfPage":{"@id":"https:\/\/centro-cee.com\/web\/es-posible-que-facebook-te-deba-dinero\/"},"wordCount":900,"publisher":{"@id":"https:\/\/centro-cee.com\/web\/#organization"},"image":{"@id":"https:\/\/centro-cee.com\/web\/es-posible-que-facebook-te-deba-dinero\/#primaryimage"},"thumbnailUrl":"https:\/\/centro-cee.com\/web\/wp-content\/uploads\/2020\/06\/facebook-830x553-1-e1682459357995.jpg","keywords":["cee","facebook","Mark Zuckerberg","meta","multiverso"],"articleSection":["Noticias"],"inLanguage":"es"},{"@type":"WebPage","@id":"https:\/\/centro-cee.com\/web\/es-posible-que-facebook-te-deba-dinero\/","url":"https:\/\/centro-cee.com\/web\/es-posible-que-facebook-te-deba-dinero\/","name":"Es posible que Facebook te deba dinero - Centro CEE","isPartOf":{"@id":"https:\/\/centro-cee.com\/web\/#website"},"primaryImageOfPage":{"@id":"https:\/\/centro-cee.com\/web\/es-posible-que-facebook-te-deba-dinero\/#primaryimage"},"image":{"@id":"https:\/\/centro-cee.com\/web\/es-posible-que-facebook-te-deba-dinero\/#primaryimage"},"thumbnailUrl":"https:\/\/centro-cee.com\/web\/wp-content\/uploads\/2020\/06\/facebook-830x553-1-e1682459357995.jpg","datePublished":"2023-04-25T21:39:17+00:00","dateModified":"2023-04-25T21:51:54+00:00","description":"Es posible que Facebook te deba dinero, la empresa de Mark Zuckerberg no han ido especialmente bien. Sigue las noticias de Centro CEE","breadcrumb":{"@id":"https:\/\/centro-cee.com\/web\/es-posible-que-facebook-te-deba-dinero\/#breadcrumb"},"inLanguage":"es","potentialAction":[{"@type":"ReadAction","target":["https:\/\/centro-cee.com\/web\/es-posible-que-facebook-te-deba-dinero\/"]}]},{"@type":"ImageObject","inLanguage":"es","@id":"https:\/\/centro-cee.com\/web\/es-posible-que-facebook-te-deba-dinero\/#primaryimage","url":"https:\/\/centro-cee.com\/web\/wp-content\/uploads\/2020\/06\/facebook-830x553-1-e1682459357995.jpg","contentUrl":"https:\/\/centro-cee.com\/web\/wp-content\/uploads\/2020\/06\/facebook-830x553-1-e1682459357995.jpg","width":830,"height":211},{"@type":"BreadcrumbList","@id":"https:\/\/centro-cee.com\/web\/es-posible-que-facebook-te-deba-dinero\/#breadcrumb","itemListElement":[{"@type":"ListItem","position":1,"name":"Portada","item":"https:\/\/centro-cee.com\/web\/"},{"@type":"ListItem","position":2,"name":"Es posible que Facebook te deba dinero"}]},{"@type":"WebSite","@id":"https:\/\/centro-cee.com\/web\/#website","url":"https:\/\/centro-cee.com\/web\/","name":"Centro Europeo E-learning","description":"CEE Formaci\u00f3n Online","publisher":{"@id":"https:\/\/centro-cee.com\/web\/#organization"},"alternateName":"Centro Online de Formaci\u00f3n","potentialAction":[{"@type":"SearchAction","target":{"@type":"EntryPoint","urlTemplate":"https:\/\/centro-cee.com\/web\/?s={search_term_string}"},"query-input":{"@type":"PropertyValueSpecification","valueRequired":true,"valueName":"search_term_string"}}],"inLanguage":"es"},{"@type":"Organization","@id":"https:\/\/centro-cee.com\/web\/#organization","name":"Centro Europeo E-learning CEE","url":"https:\/\/centro-cee.com\/web\/","logo":{"@type":"ImageObject","inLanguage":"es","@id":"https:\/\/centro-cee.com\/web\/#\/schema\/logo\/image\/","url":"https:\/\/centro-cee.com\/web\/wp-content\/uploads\/2022\/12\/cropped-logo_educa.png","contentUrl":"https:\/\/centro-cee.com\/web\/wp-content\/uploads\/2022\/12\/cropped-logo_educa.png","width":157,"height":63,"caption":"Centro Europeo E-learning CEE"},"image":{"@id":"https:\/\/centro-cee.com\/web\/#\/schema\/logo\/image\/"},"sameAs":["https:\/\/www.instagram.com\/centroeuropeo_cee"]},{"@type":"Person","@id":"https:\/\/centro-cee.com\/web\/#\/schema\/person\/24bfbcbf6dc0b6bfac34beca30e9d1d6","name":"Edici\u00f3n","image":{"@type":"ImageObject","inLanguage":"es","@id":"https:\/\/secure.gravatar.com\/avatar\/0a624005c10688edf13034d7c3734e8b9f3bf7083d2ca657e150b27a6bb4ba18?s=96&d=mm&r=g","url":"https:\/\/secure.gravatar.com\/avatar\/0a624005c10688edf13034d7c3734e8b9f3bf7083d2ca657e150b27a6bb4ba18?s=96&d=mm&r=g","contentUrl":"https:\/\/secure.gravatar.com\/avatar\/0a624005c10688edf13034d7c3734e8b9f3bf7083d2ca657e150b27a6bb4ba18?s=96&d=mm&r=g","caption":"Edici\u00f3n"},"url":"https:\/\/centro-cee.com\/web\/author\/edicion\/"}]}},"_links":{"self":[{"href":"https:\/\/centro-cee.com\/web\/wp-json\/wp\/v2\/posts\/1230","targetHints":{"allow":["GET"]}}],"collection":[{"href":"https:\/\/centro-cee.com\/web\/wp-json\/wp\/v2\/posts"}],"about":[{"href":"https:\/\/centro-cee.com\/web\/wp-json\/wp\/v2\/types\/post"}],"author":[{"embeddable":true,"href":"https:\/\/centro-cee.com\/web\/wp-json\/wp\/v2\/users\/2"}],"replies":[{"embeddable":true,"href":"https:\/\/centro-cee.com\/web\/wp-json\/wp\/v2\/comments?post=1230"}],"version-history":[{"count":5,"href":"https:\/\/centro-cee.com\/web\/wp-json\/wp\/v2\/posts\/1230\/revisions"}],"predecessor-version":[{"id":1235,"href":"https:\/\/centro-cee.com\/web\/wp-json\/wp\/v2\/posts\/1230\/revisions\/1235"}],"wp:featuredmedia":[{"embeddable":true,"href":"https:\/\/centro-cee.com\/web\/wp-json\/wp\/v2\/media\/492"}],"wp:attachment":[{"href":"https:\/\/centro-cee.com\/web\/wp-json\/wp\/v2\/media?parent=1230"}],"wp:term":[{"taxonomy":"category","embeddable":true,"href":"https:\/\/centro-cee.com\/web\/wp-json\/wp\/v2\/categories?post=1230"},{"taxonomy":"post_tag","embeddable":true,"href":"https:\/\/centro-cee.com\/web\/wp-json\/wp\/v2\/tags?post=1230"}],"curies":[{"name":"wp","href":"https:\/\/api.w.org\/{rel}","templated":true}]}}