{"id":1213,"date":"2023-04-18T09:51:41","date_gmt":"2023-04-18T09:51:41","guid":{"rendered":"https:\/\/centro-cee.com\/web\/?p=1213"},"modified":"2023-04-21T10:10:15","modified_gmt":"2023-04-21T10:10:15","slug":"cientificos-insertan-and-de-tardigrado-en-celulas-humanas","status":"publish","type":"post","link":"https:\/\/centro-cee.com\/web\/cientificos-insertan-and-de-tardigrado-en-celulas-humanas\/","title":{"rendered":"Cient\u00edficos\u00a0insertan ADN de tard\u00edgrado en c\u00e9lulas humanas"},"content":{"rendered":"<p><!--more--><\/p>\n<p><b><i>Cient\u00edficos<\/i><\/b><em><b> insertan ADN de tard\u00edgrado en c\u00e9lulas humanas<\/b><\/em><\/p>\n<p>Los tard\u00edgrados, que tambi\u00e9n son conocidos como osos de agua y, en ocasiones, lechones de musgo, son criaturas impresionantes. De hecho, son tan asombrosos que los investigadores militares de China piensan que los genes potentes de estos diminutos animales podr\u00edan emplearse para desarrollar resistencia a la radiaci\u00f3n en los seres humanos. Al menos, este es el \u00faltimo proyecto en curso: crear soldados sobrenaturales capaces de soportar una guerra nuclear.<\/p>\n<p>Los tard\u00edgrados son una de las criaturas m\u00e1s fascinantes que existen tanto en la Tierra como en la Luna. En 2019, la nave espacial israel\u00ed Beresheet se estrell\u00f3 en la luna, liberando miles de tard\u00edgrados deshidratados que los cient\u00edficos hab\u00edan cargado en el m\u00f3dulo de aterrizaje (junto con muestras de ADN humano).<\/p>\n<p>Los tard\u00edgrados estaban en un estado conocido como \u00abtun\u00bb, en el cual se encogen y se transforman en una bola, eliminando gran parte del agua de sus cuerpos y reduciendo su metabolismo a trav\u00e9s de la criptobiosis, para que puedan sobrevivir en entornos hostiles hasta que encuentren uno m\u00e1s adecuado para la vida. Pueden vivir as\u00ed durante d\u00e9cadas. Adem\u00e1s, son muy resistentes y pueden soportar condiciones extremas, como temperaturas bajo cero y, como ya sabemos, aterrizajes forzosos en la Luna.<\/p>\n<p><img decoding=\"async\" class=\"aligncenter\" src=\"https:\/\/i.cbc.ca\/1.6204895.1633708792!\/fileImage\/httpImage\/shutterstock-medium-file.jpg\" alt=\"How watching water bears walk could help us make small and squishy robots | CBC Radio\" width=\"481\" height=\"385\" \/><\/p>\n<p>&nbsp;<\/p>\n<p><em><b>Algunas caracter\u00edsticas curiosas de los tard\u00edgrados:<\/b><\/em><\/p>\n<p><em>Los tard\u00edgrados est\u00e1n en todas partes:<\/em> Son una especie de microorganismo, y hay m\u00faltiples especies repartidas por todos los continentes.<\/p>\n<p><em>Pueden parar su reloj biol\u00f3gico:<\/em> Pueden entrar en un estado llamado cryptobiosis, en el cual expulsan toda el agua del cuerpo dejando solamente un 3% en uso, y consiguen reducir su metabolismo hasta un 0.01% de su velocidad normal, en este estado, el tard\u00edgrado simplemente persiste, hasta que el entorno vuelve a ser favorable y adem\u00e1s, durante dicho estado, el tard\u00edgrado no envejece en absoluto, hasta reanudar su estado normal.<\/p>\n<p><em>Sobreviven a las atmosferas mas extremas:<\/em> Son capaces de soportar temperaturas altas de hasta 150 \u00baC y tan bajas como hasta 240 \u00baC bajo cero, incluyendo resistencia a la fuerte presi\u00f3n del vac\u00edo del espacio, que acabar\u00eda con la vida de cualquier ser vivo, o la presi\u00f3n equivalente al impacto de un meteorito en la tierra, que para ellos se reducir\u00eda a un peque\u00f1o golpe insignificante, pero la fuente de dicha resistencia sigue siendo un misterio.<\/p>\n<p><em>Soportan cantidades incre\u00edblemente mortales de radiaci\u00f3n:<\/em> Los tard\u00edgrados parecen estar preparados de manera extra\u00f1a para la supervivencia en el espacio. La radiaci\u00f3n espacial causada por supernovas, el sol y otras fuentes, son una preocupaci\u00f3n mayor para los astronautas o cualquier ser vivo, ya que emite part\u00edculas llamadas <em>especies reactivas de oxigeno<\/em>, que penetran en el cuerpo, causando todo tipo de da\u00f1os. Pues bien, los tard\u00edgrados, una vez en estado de cryptobiosis, producen una cantidad incre\u00edblemente alta de antioxidantes, que neutralizan al 100% dichas part\u00edculas radiactivas. Gracias a esta caracter\u00edstica, los investigadores han descubierto que son capaces de soportar cantidades inhumanas de radiaci\u00f3n, sin ning\u00fan tipo de da\u00f1o. La raz\u00f3n por la cual los tard\u00edgrados habr\u00edan evolucionado para soportar tal cantidad de radiaci\u00f3n, sigue siendo una inc\u00f3gnita a d\u00eda de hoy.<\/p>\n<p>&nbsp;<\/p>\n<p><strong><span class=\"jCAhz ChMk0b\"><span class=\"ryNqvb\">En un informe publicado por primera vez en chino en Military Medical Sciences e informado por South China Morning Post, los investigadores de la Academia de Ciencias Militares de Beijing dicen que creen que insertar un gen del oso de agua microsc\u00f3pico en un tallo embrionario humano puede ayudar a aumentar significativamente la capacidad para soportar la radiaci\u00f3n de las c\u00e9lulas.<\/span><\/span><\/strong><\/p>\n<p>Las maravillas del oso de agua contin\u00faan asombrando.<\/p>\n<p>Si los cient\u00edficos pueden tomar incluso una peque\u00f1a parte de esa resistencia y traducirla a los seres humanos, el concepto de un super soldado no es un gran salto para hacer.<\/p>\n<p>Seg\u00fan el informe, los cient\u00edficos utilizaron la herramienta de edici\u00f3n de genes CRISPR\/Cas9 para tomar genes del oso de agua que producen prote\u00ednas de protecci\u00f3n e insertarlos en c\u00e9lulas embrionarias humanas cultivadas artificialmente (una distinci\u00f3n que el equipo afirma que hizo legal el experimento). Esto, seg\u00fan informes, permiti\u00f3 que las c\u00e9lulas sobrevivieran a una \u00abexposici\u00f3n letal a la radiaci\u00f3n de rayos X\u00bb.<\/p>\n<p>La acci\u00f3n de mezclar genes entre especies puede potencialmente provocar problemas de seguridad desconocidos y aumentar el riesgo de fracaso en el experimento. Por lo tanto, el hecho de que el ensayo de oso de agua a humano aparentemente funcionara fue un resultado sorprendente.<\/p>\n<p>Seg\u00fan el SCMP, el art\u00edculo de investigaci\u00f3n no solo mostr\u00f3 que hubo una transferencia limpia, y que las nuevas c\u00e9lulas funcionaron normalmente, sino que tambi\u00e9n demostr\u00f3 una tasa aumentada de crecimiento celular. \u00abLa expresi\u00f3n no da\u00f1a la vitalidad de las c\u00e9lulas, pero puede promover la proliferaci\u00f3n celular hasta cierto punto\u00bb, dice el estudio. \u00abEl estudio avanzar\u00e1 a la siguiente etapa bas\u00e1ndose en estos hallazgos\u00bb.<\/p>\n<p>&nbsp;<\/p>\n<p style=\"font-size: 70%;\">Fuente: reddit<\/p>\n<p>&nbsp;<\/p>\n<p><a href=\"https:\/\/centro-cee.com\/web\/category\/noticias\/\">Atr\u00e1s<\/a><\/p>\n<hr \/>\n<p style=\"font-size: 70%;\"><em><strong>Cient\u00edficos insertan ADN de tard\u00edgrado en c\u00e9lulas humanas<\/strong><\/em><\/p>\n<div class=\"code-block code-block-4\">\n<div class=\"sc-mpu-btf\" data-google-query-id=\"CKeQ1eWblf4CFfdIHQkdS-8Ltw\"><em><strong>TikTok &#8211; nuevas controversias<\/strong><\/em><\/div>\n<\/div>\n","protected":false},"excerpt":{"rendered":"","protected":false},"author":2,"featured_media":1216,"comment_status":"closed","ping_status":"closed","sticky":false,"template":"","format":"standard","meta":{"footnotes":""},"categories":[1],"tags":[415,39,417,416,385,419,420,418],"class_list":["post-1213","post","type-post","status-publish","format-standard","has-post-thumbnail","hentry","category-noticias","tag-adn","tag-cee","tag-celulas","tag-ciencia","tag-futuro","tag-genes","tag-modificacion-genetica","tag-tardigrados"],"yoast_head":"<!-- This site is optimized with the Yoast SEO plugin v27.5 - https:\/\/yoast.com\/product\/yoast-seo-wordpress\/ -->\n<title>Cient\u00edficos\u00a0insertan ADN de tard\u00edgrado en c\u00e9lulas humanas<\/title>\n<meta name=\"description\" content=\"Cient\u00edficos\u00a0insertan ADN de tard\u00edgrado en c\u00e9lulas humanas ; que puede significar tal cosa?\" \/>\n<meta name=\"robots\" content=\"index, follow, max-snippet:-1, max-image-preview:large, max-video-preview:-1\" \/>\n<link rel=\"canonical\" href=\"https:\/\/centro-cee.com\/web\/cientificos-insertan-and-de-tardigrado-en-celulas-humanas\/\" \/>\n<meta property=\"og:locale\" content=\"es_ES\" \/>\n<meta property=\"og:type\" content=\"article\" \/>\n<meta property=\"og:title\" content=\"Cient\u00edficos\u00a0insertan ADN de tard\u00edgrado en c\u00e9lulas humanas\" \/>\n<meta property=\"og:description\" content=\"Cient\u00edficos\u00a0insertan ADN de tard\u00edgrado en c\u00e9lulas humanas ; que puede significar tal cosa?\" \/>\n<meta property=\"og:url\" content=\"https:\/\/centro-cee.com\/web\/cientificos-insertan-and-de-tardigrado-en-celulas-humanas\/\" \/>\n<meta property=\"og:site_name\" content=\"CEE Centro Europeo E-learning - Cursos online\" \/>\n<meta property=\"article:published_time\" content=\"2023-04-18T09:51:41+00:00\" \/>\n<meta property=\"article:modified_time\" content=\"2023-04-21T10:10:15+00:00\" \/>\n<meta property=\"og:image\" content=\"https:\/\/centro-cee.com\/web\/wp-content\/uploads\/2023\/04\/imagen_2023-04-21_120656991.png\" \/>\n\t<meta property=\"og:image:width\" content=\"720\" \/>\n\t<meta property=\"og:image:height\" content=\"562\" \/>\n\t<meta property=\"og:image:type\" content=\"image\/png\" \/>\n<meta name=\"author\" content=\"Edici\u00f3n\" \/>\n<meta name=\"twitter:card\" content=\"summary_large_image\" \/>\n<meta name=\"twitter:label1\" content=\"Escrito por\" \/>\n\t<meta name=\"twitter:data1\" content=\"Edici\u00f3n\" \/>\n\t<meta name=\"twitter:label2\" content=\"Tiempo de lectura\" \/>\n\t<meta name=\"twitter:data2\" content=\"4 minutos\" \/>\n<script type=\"application\/ld+json\" class=\"yoast-schema-graph\">{\"@context\":\"https:\\\/\\\/schema.org\",\"@graph\":[{\"@type\":\"Article\",\"@id\":\"https:\\\/\\\/centro-cee.com\\\/web\\\/cientificos-insertan-and-de-tardigrado-en-celulas-humanas\\\/#article\",\"isPartOf\":{\"@id\":\"https:\\\/\\\/centro-cee.com\\\/web\\\/cientificos-insertan-and-de-tardigrado-en-celulas-humanas\\\/\"},\"author\":{\"name\":\"Edici\u00f3n\",\"@id\":\"https:\\\/\\\/centro-cee.com\\\/web\\\/#\\\/schema\\\/person\\\/24bfbcbf6dc0b6bfac34beca30e9d1d6\"},\"headline\":\"Cient\u00edficos\u00a0insertan ADN de tard\u00edgrado en c\u00e9lulas humanas\",\"datePublished\":\"2023-04-18T09:51:41+00:00\",\"dateModified\":\"2023-04-21T10:10:15+00:00\",\"mainEntityOfPage\":{\"@id\":\"https:\\\/\\\/centro-cee.com\\\/web\\\/cientificos-insertan-and-de-tardigrado-en-celulas-humanas\\\/\"},\"wordCount\":892,\"publisher\":{\"@id\":\"https:\\\/\\\/centro-cee.com\\\/web\\\/#organization\"},\"image\":{\"@id\":\"https:\\\/\\\/centro-cee.com\\\/web\\\/cientificos-insertan-and-de-tardigrado-en-celulas-humanas\\\/#primaryimage\"},\"thumbnailUrl\":\"https:\\\/\\\/centro-cee.com\\\/web\\\/wp-content\\\/uploads\\\/2023\\\/04\\\/imagen_2023-04-21_120656991.png\",\"keywords\":[\"ADN\",\"cee\",\"celulas\",\"ciencia\",\"futuro\",\"genes\",\"modificacion genetica\",\"tardigrados\"],\"articleSection\":[\"Noticias\"],\"inLanguage\":\"es\"},{\"@type\":\"WebPage\",\"@id\":\"https:\\\/\\\/centro-cee.com\\\/web\\\/cientificos-insertan-and-de-tardigrado-en-celulas-humanas\\\/\",\"url\":\"https:\\\/\\\/centro-cee.com\\\/web\\\/cientificos-insertan-and-de-tardigrado-en-celulas-humanas\\\/\",\"name\":\"Cient\u00edficos\u00a0insertan ADN de tard\u00edgrado en c\u00e9lulas humanas\",\"isPartOf\":{\"@id\":\"https:\\\/\\\/centro-cee.com\\\/web\\\/#website\"},\"primaryImageOfPage\":{\"@id\":\"https:\\\/\\\/centro-cee.com\\\/web\\\/cientificos-insertan-and-de-tardigrado-en-celulas-humanas\\\/#primaryimage\"},\"image\":{\"@id\":\"https:\\\/\\\/centro-cee.com\\\/web\\\/cientificos-insertan-and-de-tardigrado-en-celulas-humanas\\\/#primaryimage\"},\"thumbnailUrl\":\"https:\\\/\\\/centro-cee.com\\\/web\\\/wp-content\\\/uploads\\\/2023\\\/04\\\/imagen_2023-04-21_120656991.png\",\"datePublished\":\"2023-04-18T09:51:41+00:00\",\"dateModified\":\"2023-04-21T10:10:15+00:00\",\"description\":\"Cient\u00edficos\u00a0insertan ADN de tard\u00edgrado en c\u00e9lulas humanas ; que puede significar tal cosa?\",\"breadcrumb\":{\"@id\":\"https:\\\/\\\/centro-cee.com\\\/web\\\/cientificos-insertan-and-de-tardigrado-en-celulas-humanas\\\/#breadcrumb\"},\"inLanguage\":\"es\",\"potentialAction\":[{\"@type\":\"ReadAction\",\"target\":[\"https:\\\/\\\/centro-cee.com\\\/web\\\/cientificos-insertan-and-de-tardigrado-en-celulas-humanas\\\/\"]}]},{\"@type\":\"ImageObject\",\"inLanguage\":\"es\",\"@id\":\"https:\\\/\\\/centro-cee.com\\\/web\\\/cientificos-insertan-and-de-tardigrado-en-celulas-humanas\\\/#primaryimage\",\"url\":\"https:\\\/\\\/centro-cee.com\\\/web\\\/wp-content\\\/uploads\\\/2023\\\/04\\\/imagen_2023-04-21_120656991.png\",\"contentUrl\":\"https:\\\/\\\/centro-cee.com\\\/web\\\/wp-content\\\/uploads\\\/2023\\\/04\\\/imagen_2023-04-21_120656991.png\",\"width\":720,\"height\":562,\"caption\":\"Cient\u00edficos\u00a0insertan ADN de tard\u00edgrado en c\u00e9lulas humanas\"},{\"@type\":\"BreadcrumbList\",\"@id\":\"https:\\\/\\\/centro-cee.com\\\/web\\\/cientificos-insertan-and-de-tardigrado-en-celulas-humanas\\\/#breadcrumb\",\"itemListElement\":[{\"@type\":\"ListItem\",\"position\":1,\"name\":\"Portada\",\"item\":\"https:\\\/\\\/centro-cee.com\\\/web\\\/\"},{\"@type\":\"ListItem\",\"position\":2,\"name\":\"Cient\u00edficos\u00a0insertan ADN de tard\u00edgrado en c\u00e9lulas humanas\"}]},{\"@type\":\"WebSite\",\"@id\":\"https:\\\/\\\/centro-cee.com\\\/web\\\/#website\",\"url\":\"https:\\\/\\\/centro-cee.com\\\/web\\\/\",\"name\":\"Centro Europeo E-learning\",\"description\":\"CEE Formaci\u00f3n Online\",\"publisher\":{\"@id\":\"https:\\\/\\\/centro-cee.com\\\/web\\\/#organization\"},\"alternateName\":\"Centro Online de Formaci\u00f3n\",\"potentialAction\":[{\"@type\":\"SearchAction\",\"target\":{\"@type\":\"EntryPoint\",\"urlTemplate\":\"https:\\\/\\\/centro-cee.com\\\/web\\\/?s={search_term_string}\"},\"query-input\":{\"@type\":\"PropertyValueSpecification\",\"valueRequired\":true,\"valueName\":\"search_term_string\"}}],\"inLanguage\":\"es\"},{\"@type\":\"Organization\",\"@id\":\"https:\\\/\\\/centro-cee.com\\\/web\\\/#organization\",\"name\":\"Centro Europeo E-learning CEE\",\"url\":\"https:\\\/\\\/centro-cee.com\\\/web\\\/\",\"logo\":{\"@type\":\"ImageObject\",\"inLanguage\":\"es\",\"@id\":\"https:\\\/\\\/centro-cee.com\\\/web\\\/#\\\/schema\\\/logo\\\/image\\\/\",\"url\":\"https:\\\/\\\/centro-cee.com\\\/web\\\/wp-content\\\/uploads\\\/2022\\\/12\\\/cropped-logo_educa.png\",\"contentUrl\":\"https:\\\/\\\/centro-cee.com\\\/web\\\/wp-content\\\/uploads\\\/2022\\\/12\\\/cropped-logo_educa.png\",\"width\":157,\"height\":63,\"caption\":\"Centro Europeo E-learning CEE\"},\"image\":{\"@id\":\"https:\\\/\\\/centro-cee.com\\\/web\\\/#\\\/schema\\\/logo\\\/image\\\/\"},\"sameAs\":[\"https:\\\/\\\/www.instagram.com\\\/centroeuropeo_cee\"]},{\"@type\":\"Person\",\"@id\":\"https:\\\/\\\/centro-cee.com\\\/web\\\/#\\\/schema\\\/person\\\/24bfbcbf6dc0b6bfac34beca30e9d1d6\",\"name\":\"Edici\u00f3n\",\"image\":{\"@type\":\"ImageObject\",\"inLanguage\":\"es\",\"@id\":\"https:\\\/\\\/secure.gravatar.com\\\/avatar\\\/0a624005c10688edf13034d7c3734e8b9f3bf7083d2ca657e150b27a6bb4ba18?s=96&d=mm&r=g\",\"url\":\"https:\\\/\\\/secure.gravatar.com\\\/avatar\\\/0a624005c10688edf13034d7c3734e8b9f3bf7083d2ca657e150b27a6bb4ba18?s=96&d=mm&r=g\",\"contentUrl\":\"https:\\\/\\\/secure.gravatar.com\\\/avatar\\\/0a624005c10688edf13034d7c3734e8b9f3bf7083d2ca657e150b27a6bb4ba18?s=96&d=mm&r=g\",\"caption\":\"Edici\u00f3n\"},\"url\":\"https:\\\/\\\/centro-cee.com\\\/web\\\/author\\\/edicion\\\/\"}]}<\/script>\n<!-- \/ Yoast SEO plugin. -->","yoast_head_json":{"title":"Cient\u00edficos\u00a0insertan ADN de tard\u00edgrado en c\u00e9lulas humanas","description":"Cient\u00edficos\u00a0insertan ADN de tard\u00edgrado en c\u00e9lulas humanas ; que puede significar tal cosa?","robots":{"index":"index","follow":"follow","max-snippet":"max-snippet:-1","max-image-preview":"max-image-preview:large","max-video-preview":"max-video-preview:-1"},"canonical":"https:\/\/centro-cee.com\/web\/cientificos-insertan-and-de-tardigrado-en-celulas-humanas\/","og_locale":"es_ES","og_type":"article","og_title":"Cient\u00edficos\u00a0insertan ADN de tard\u00edgrado en c\u00e9lulas humanas","og_description":"Cient\u00edficos\u00a0insertan ADN de tard\u00edgrado en c\u00e9lulas humanas ; que puede significar tal cosa?","og_url":"https:\/\/centro-cee.com\/web\/cientificos-insertan-and-de-tardigrado-en-celulas-humanas\/","og_site_name":"CEE Centro Europeo E-learning - Cursos online","article_published_time":"2023-04-18T09:51:41+00:00","article_modified_time":"2023-04-21T10:10:15+00:00","og_image":[{"width":720,"height":562,"url":"https:\/\/centro-cee.com\/web\/wp-content\/uploads\/2023\/04\/imagen_2023-04-21_120656991.png","type":"image\/png"}],"author":"Edici\u00f3n","twitter_card":"summary_large_image","twitter_misc":{"Escrito por":"Edici\u00f3n","Tiempo de lectura":"4 minutos"},"schema":{"@context":"https:\/\/schema.org","@graph":[{"@type":"Article","@id":"https:\/\/centro-cee.com\/web\/cientificos-insertan-and-de-tardigrado-en-celulas-humanas\/#article","isPartOf":{"@id":"https:\/\/centro-cee.com\/web\/cientificos-insertan-and-de-tardigrado-en-celulas-humanas\/"},"author":{"name":"Edici\u00f3n","@id":"https:\/\/centro-cee.com\/web\/#\/schema\/person\/24bfbcbf6dc0b6bfac34beca30e9d1d6"},"headline":"Cient\u00edficos\u00a0insertan ADN de tard\u00edgrado en c\u00e9lulas humanas","datePublished":"2023-04-18T09:51:41+00:00","dateModified":"2023-04-21T10:10:15+00:00","mainEntityOfPage":{"@id":"https:\/\/centro-cee.com\/web\/cientificos-insertan-and-de-tardigrado-en-celulas-humanas\/"},"wordCount":892,"publisher":{"@id":"https:\/\/centro-cee.com\/web\/#organization"},"image":{"@id":"https:\/\/centro-cee.com\/web\/cientificos-insertan-and-de-tardigrado-en-celulas-humanas\/#primaryimage"},"thumbnailUrl":"https:\/\/centro-cee.com\/web\/wp-content\/uploads\/2023\/04\/imagen_2023-04-21_120656991.png","keywords":["ADN","cee","celulas","ciencia","futuro","genes","modificacion genetica","tardigrados"],"articleSection":["Noticias"],"inLanguage":"es"},{"@type":"WebPage","@id":"https:\/\/centro-cee.com\/web\/cientificos-insertan-and-de-tardigrado-en-celulas-humanas\/","url":"https:\/\/centro-cee.com\/web\/cientificos-insertan-and-de-tardigrado-en-celulas-humanas\/","name":"Cient\u00edficos\u00a0insertan ADN de tard\u00edgrado en c\u00e9lulas humanas","isPartOf":{"@id":"https:\/\/centro-cee.com\/web\/#website"},"primaryImageOfPage":{"@id":"https:\/\/centro-cee.com\/web\/cientificos-insertan-and-de-tardigrado-en-celulas-humanas\/#primaryimage"},"image":{"@id":"https:\/\/centro-cee.com\/web\/cientificos-insertan-and-de-tardigrado-en-celulas-humanas\/#primaryimage"},"thumbnailUrl":"https:\/\/centro-cee.com\/web\/wp-content\/uploads\/2023\/04\/imagen_2023-04-21_120656991.png","datePublished":"2023-04-18T09:51:41+00:00","dateModified":"2023-04-21T10:10:15+00:00","description":"Cient\u00edficos\u00a0insertan ADN de tard\u00edgrado en c\u00e9lulas humanas ; que puede significar tal cosa?","breadcrumb":{"@id":"https:\/\/centro-cee.com\/web\/cientificos-insertan-and-de-tardigrado-en-celulas-humanas\/#breadcrumb"},"inLanguage":"es","potentialAction":[{"@type":"ReadAction","target":["https:\/\/centro-cee.com\/web\/cientificos-insertan-and-de-tardigrado-en-celulas-humanas\/"]}]},{"@type":"ImageObject","inLanguage":"es","@id":"https:\/\/centro-cee.com\/web\/cientificos-insertan-and-de-tardigrado-en-celulas-humanas\/#primaryimage","url":"https:\/\/centro-cee.com\/web\/wp-content\/uploads\/2023\/04\/imagen_2023-04-21_120656991.png","contentUrl":"https:\/\/centro-cee.com\/web\/wp-content\/uploads\/2023\/04\/imagen_2023-04-21_120656991.png","width":720,"height":562,"caption":"Cient\u00edficos\u00a0insertan ADN de tard\u00edgrado en c\u00e9lulas humanas"},{"@type":"BreadcrumbList","@id":"https:\/\/centro-cee.com\/web\/cientificos-insertan-and-de-tardigrado-en-celulas-humanas\/#breadcrumb","itemListElement":[{"@type":"ListItem","position":1,"name":"Portada","item":"https:\/\/centro-cee.com\/web\/"},{"@type":"ListItem","position":2,"name":"Cient\u00edficos\u00a0insertan ADN de tard\u00edgrado en c\u00e9lulas humanas"}]},{"@type":"WebSite","@id":"https:\/\/centro-cee.com\/web\/#website","url":"https:\/\/centro-cee.com\/web\/","name":"Centro Europeo E-learning","description":"CEE Formaci\u00f3n Online","publisher":{"@id":"https:\/\/centro-cee.com\/web\/#organization"},"alternateName":"Centro Online de Formaci\u00f3n","potentialAction":[{"@type":"SearchAction","target":{"@type":"EntryPoint","urlTemplate":"https:\/\/centro-cee.com\/web\/?s={search_term_string}"},"query-input":{"@type":"PropertyValueSpecification","valueRequired":true,"valueName":"search_term_string"}}],"inLanguage":"es"},{"@type":"Organization","@id":"https:\/\/centro-cee.com\/web\/#organization","name":"Centro Europeo E-learning CEE","url":"https:\/\/centro-cee.com\/web\/","logo":{"@type":"ImageObject","inLanguage":"es","@id":"https:\/\/centro-cee.com\/web\/#\/schema\/logo\/image\/","url":"https:\/\/centro-cee.com\/web\/wp-content\/uploads\/2022\/12\/cropped-logo_educa.png","contentUrl":"https:\/\/centro-cee.com\/web\/wp-content\/uploads\/2022\/12\/cropped-logo_educa.png","width":157,"height":63,"caption":"Centro Europeo E-learning CEE"},"image":{"@id":"https:\/\/centro-cee.com\/web\/#\/schema\/logo\/image\/"},"sameAs":["https:\/\/www.instagram.com\/centroeuropeo_cee"]},{"@type":"Person","@id":"https:\/\/centro-cee.com\/web\/#\/schema\/person\/24bfbcbf6dc0b6bfac34beca30e9d1d6","name":"Edici\u00f3n","image":{"@type":"ImageObject","inLanguage":"es","@id":"https:\/\/secure.gravatar.com\/avatar\/0a624005c10688edf13034d7c3734e8b9f3bf7083d2ca657e150b27a6bb4ba18?s=96&d=mm&r=g","url":"https:\/\/secure.gravatar.com\/avatar\/0a624005c10688edf13034d7c3734e8b9f3bf7083d2ca657e150b27a6bb4ba18?s=96&d=mm&r=g","contentUrl":"https:\/\/secure.gravatar.com\/avatar\/0a624005c10688edf13034d7c3734e8b9f3bf7083d2ca657e150b27a6bb4ba18?s=96&d=mm&r=g","caption":"Edici\u00f3n"},"url":"https:\/\/centro-cee.com\/web\/author\/edicion\/"}]}},"_links":{"self":[{"href":"https:\/\/centro-cee.com\/web\/wp-json\/wp\/v2\/posts\/1213","targetHints":{"allow":["GET"]}}],"collection":[{"href":"https:\/\/centro-cee.com\/web\/wp-json\/wp\/v2\/posts"}],"about":[{"href":"https:\/\/centro-cee.com\/web\/wp-json\/wp\/v2\/types\/post"}],"author":[{"embeddable":true,"href":"https:\/\/centro-cee.com\/web\/wp-json\/wp\/v2\/users\/2"}],"replies":[{"embeddable":true,"href":"https:\/\/centro-cee.com\/web\/wp-json\/wp\/v2\/comments?post=1213"}],"version-history":[{"count":5,"href":"https:\/\/centro-cee.com\/web\/wp-json\/wp\/v2\/posts\/1213\/revisions"}],"predecessor-version":[{"id":1219,"href":"https:\/\/centro-cee.com\/web\/wp-json\/wp\/v2\/posts\/1213\/revisions\/1219"}],"wp:featuredmedia":[{"embeddable":true,"href":"https:\/\/centro-cee.com\/web\/wp-json\/wp\/v2\/media\/1216"}],"wp:attachment":[{"href":"https:\/\/centro-cee.com\/web\/wp-json\/wp\/v2\/media?parent=1213"}],"wp:term":[{"taxonomy":"category","embeddable":true,"href":"https:\/\/centro-cee.com\/web\/wp-json\/wp\/v2\/categories?post=1213"},{"taxonomy":"post_tag","embeddable":true,"href":"https:\/\/centro-cee.com\/web\/wp-json\/wp\/v2\/tags?post=1213"}],"curies":[{"name":"wp","href":"https:\/\/api.w.org\/{rel}","templated":true}]}}