{"id":1188,"date":"2023-03-20T11:26:12","date_gmt":"2023-03-20T11:26:12","guid":{"rendered":"https:\/\/centro-cee.com\/web\/?p=1188"},"modified":"2023-03-20T11:28:38","modified_gmt":"2023-03-20T11:28:38","slug":"la-cabina-inspiracion-tecnologica","status":"publish","type":"post","link":"https:\/\/centro-cee.com\/web\/la-cabina-inspiracion-tecnologica\/","title":{"rendered":"La Cabina &#8211; inspiraci\u00f3n tecnol\u00f3gica"},"content":{"rendered":"<p><!--more--><\/p>\n<p><em><strong>La Cabina &#8211; inspiraci\u00f3n tecnol\u00f3gica<\/strong><\/em><\/p>\n<p>Para la mayor\u00eda de los millennials y centennials la cabina telef\u00f3nica es una imagen del pasado, pero para Telef\u00f3nica volver\u00e1 a ser m\u00e1s que eso. La empresa ha presentado en el Mobile World Congress \u2018<a href=\"https:\/\/hub.telefonica.com\/espacios-innovacion\/lacabina\" target=\"_blank\" rel=\"noopener\">LaCabina<\/a>\u2018, su centro de inspiraci\u00f3n tecnol\u00f3gica para la transformaci\u00f3n digital de las empresas y de las Administraciones P\u00fablicas. Este nuevo espacio se integra en el Hub de Innovaci\u00f3n y Talento de Telef\u00f3nica,\u00a0<strong>que de este modo sigue creciendo para potenciar el ecosistema tecnol\u00f3gico y vanguardista que la compa\u00f1\u00eda est\u00e1 configurando en su sede, Distrito Telef\u00f3nica.<\/strong><\/p>\n<p>\u2018LaCabina\u2019 ofrece un entorno tecnol\u00f3gico de primer nivel que acerca los \u00faltimos avances de la digitalizaci\u00f3n a las empresas de diferentes sectores y actividades. Y para ello parte del concepto de una cabina telef\u00f3nica, un icono de la compa\u00f1\u00eda y de la sociedad donde las personas se comunicaban e intercambiaban ideas.<\/p>\n<h2><strong>UN ESPACIO F\u00cdSICO PARA IMAGINAR EL FUTURO DE TELEF\u00d3NICA<\/strong><\/h2>\n<p>Con sus 2.000 m2, este espacio cuenta con el mayor \u00e1mbito demostrativo de Telef\u00f3nica, con m\u00e1s de 180 escenarios totalmente operativos con los que mostrar las tecnolog\u00edas m\u00e1s relevantes en la digitalizaci\u00f3n, como el cloud, el IoT, la inteligencia artificial (IA), el Big Data, el blockchain o la ciberseguridad. Soluciones que incluyen en muchos casos avances que van dos a\u00f1os por delante de lo que se est\u00e1 ofreciendo ahora en el mercado.<strong>\u00a0Aqu\u00ed la tecnolog\u00eda est\u00e1 embebida en el propio espacio desde su origen y tiene un alcance multisector y multiservicio.\u00a0<\/strong><\/p>\n<p>Para facilitar el funcionamiento de las soluciones desplegadas, \u2018LaCabina\u2019 cuenta con unos medios audiovisuales de \u00faltima generaci\u00f3n que incluyen m\u00e1s de 40 kil\u00f3metros de cable desplegado y m\u00e1s de 300 millones de p\u00edxeles entre todas las pantallas del centro.<\/p>\n<div class=\"wp-block-image\">\n<figure class=\"aligncenter is-resized\"><img decoding=\"async\" class=\"aligncenter\" title=\"Telef\u00f3nica apuesta por el nuevo talento con \u2018LaCabina\u2019, su nuevo centro de inspiraci\u00f3n tecnol\u00f3gica 2 Merca2.es\" src=\"https:\/\/lh5.googleusercontent.com\/gSOLmP_dgwSBIDE8lJBfo15A96I0FI9rz5GXROdrg3ZkOmMzoZ2zUi7NJVj0UjwDYF08l2WgzkK8C0lTKQx9aLdrEnjxgy2Dfl0Jyl9947yxrUL_nLg_I1vVFftF13RsmsTdS_graYmY3DEYLoprXg\" alt=\"Telefonica BC Cabina Merca2.es\" width=\"524\" height=\"349\" \/><\/figure>\n<p>Adem\u00e1s, el espacio est\u00e1 compartimentado para que sea multifuncional, dividi\u00e9ndose en varias \u00e1reas. Entre ellas destacan: un \u00e1gora, un plat\u00f3 virtual, aulas h\u00edbridas, entornos formativos y producci\u00f3n de contenido en realidad virtual, salas de trabajo y entornos sectoriales donde se podr\u00e1n ver de manera inmersiva e interactiva los \u00faltimos avances tecnol\u00f3gicos en sectores estrat\u00e9gicos como el de la industria, el educativo o el de la salud.\u00a0Asimismo, las instalaciones pueden acoger m\u00faltiples eventos con socios, encuentros con analistas, sesiones formativas y workshops con clientes y el ecosistema de startups de Wayra.<\/p>\n<h2><strong>NUEVAS APUESTAS DE CRECIMIENTO TECNOL\u00d3GICO<\/strong><\/h2>\n<p>Es que desde Telef\u00f3nica entienden que para las empresas de telecomunicaciones es importante el apostar por nuevas ideas y talento en el mundo tecnol\u00f3gico. Pero adem\u00e1s \u2018LaCabina\u2019 les permitir\u00e1 acercar a la sociedad estas nuevas apuestas que desde lejos pueden parecer m\u00e1s cercanas a la ciencia ficci\u00f3n que a la realidad donde algunas ya funcionan.<\/p>\n<p><strong>Si bien no son los \u00fanicos en invertir en espacios de este tipo, su apuesta, por tama\u00f1o y precio, demuestra un inter\u00e9s real en la transformaci\u00f3n tecnol\u00f3gica en el siglo XXI.<\/strong>\u00a0Es un paso adelante clave no solo para la empresa sino para la transformaci\u00f3n tecnol\u00f3gica de las ciudades en Europa.<\/p>\n<p>\u00abHemos creado \u2018LaCabina\u2019 para que las organizaciones y las instituciones puedan\u00a0conocer en primera persona las \u00faltimas tecnolog\u00edas, participando de los proyectos\u00a0piloto donde podr\u00e1n ver c\u00f3mo se materializan esos avances en aplicaciones reales. Les\u00a0ofrecemos una innovaci\u00f3n que se hace tangible\u00bb, se\u00f1ala Agust\u00edn C\u00e1rdenas, director de\u00a0transformaci\u00f3n de negocio en Telef\u00f3nica Espa\u00f1a.<\/p>\n<h2><strong>UN PROYECTO ABIERTO AL CAMBIO<\/strong><\/h2>\n<p>Como es de esperar, \u2018LaCabina\u2019 est\u00e1 en constante evoluci\u00f3n y busca maximizar la experiencia de cada visita, por eso cuenta con una serie de rutas\/itinerarios tecnol\u00f3gicos predefinidas y agrupadas seg\u00fan las principales \u00e1reas de inter\u00e9s: Industria, Smart Retail, Personas, Educaci\u00f3n, Seguridad, Smart building o Smart cities. <strong>El mundo de la tecnolog\u00eda est\u00e1 en transformaci\u00f3n constante; por tanto, quienes quieran influir en \u00e9l deben estar dispuestos a evolucionar constantemente y ayudar a quienes est\u00e1n creando esos cambios.<\/strong><\/p>\n<p style=\"font-size: 70%;\">Fuente: Merca2<\/p>\n<\/div>\n<p>&nbsp;<\/p>\n<p><a href=\"https:\/\/centro-cee.com\/web\/category\/noticias\/\">Atr\u00e1s<\/a><\/p>\n<hr \/>\n<p style=\"font-size: 70%;\"><em><strong>La Cabina &#8211; inspiraci\u00f3n tecnol\u00f3gica<\/strong><\/em><\/p>\n","protected":false},"excerpt":{"rendered":"","protected":false},"author":2,"featured_media":1189,"comment_status":"closed","ping_status":"closed","sticky":false,"template":"","format":"standard","meta":{"footnotes":""},"categories":[1],"tags":[387,388,39,132,384,385,386,383,224,382],"class_list":["post-1188","post","type-post","status-publish","format-standard","has-post-thumbnail","hentry","category-noticias","tag-big-data","tag-blockchain","tag-cee","tag-ciberseguridad","tag-comunicaciones","tag-futuro","tag-innovacion","tag-lacabina","tag-tecnologia","tag-telefonica"],"yoast_head":"<!-- This site is optimized with the Yoast SEO plugin v27.5 - https:\/\/yoast.com\/product\/yoast-seo-wordpress\/ -->\n<title>La Cabina - inspiraci\u00f3n tecnol\u00f3gica - Centro CEE<\/title>\n<meta name=\"description\" content=\"La Cabina - inspiraci\u00f3n tecnol\u00f3gica, Telef\u00f3nica apuesta por el nuevo talento con su nuevo centro de inspiraci\u00f3n tecnol\u00f3gica. Noticias CEE\" \/>\n<meta name=\"robots\" content=\"index, follow, max-snippet:-1, max-image-preview:large, max-video-preview:-1\" \/>\n<link rel=\"canonical\" href=\"https:\/\/centro-cee.com\/web\/la-cabina-inspiracion-tecnologica\/\" \/>\n<meta property=\"og:locale\" content=\"es_ES\" \/>\n<meta property=\"og:type\" content=\"article\" \/>\n<meta property=\"og:title\" content=\"La Cabina - inspiraci\u00f3n tecnol\u00f3gica - Centro CEE\" \/>\n<meta property=\"og:description\" content=\"La Cabina - inspiraci\u00f3n tecnol\u00f3gica, Telef\u00f3nica apuesta por el nuevo talento con su nuevo centro de inspiraci\u00f3n tecnol\u00f3gica. Noticias CEE\" \/>\n<meta property=\"og:url\" content=\"https:\/\/centro-cee.com\/web\/la-cabina-inspiracion-tecnologica\/\" \/>\n<meta property=\"og:site_name\" content=\"CEE Centro Europeo E-learning - Cursos online\" \/>\n<meta property=\"article:published_time\" content=\"2023-03-20T11:26:12+00:00\" \/>\n<meta property=\"article:modified_time\" content=\"2023-03-20T11:28:38+00:00\" \/>\n<meta property=\"og:image\" content=\"https:\/\/centro-cee.com\/web\/wp-content\/uploads\/2023\/03\/tele.png\" \/>\n\t<meta property=\"og:image:width\" content=\"1200\" \/>\n\t<meta property=\"og:image:height\" content=\"330\" \/>\n\t<meta property=\"og:image:type\" content=\"image\/png\" \/>\n<meta name=\"author\" content=\"Edici\u00f3n\" \/>\n<meta name=\"twitter:card\" content=\"summary_large_image\" \/>\n<meta name=\"twitter:label1\" content=\"Escrito por\" \/>\n\t<meta name=\"twitter:data1\" content=\"Edici\u00f3n\" \/>\n\t<meta name=\"twitter:label2\" content=\"Tiempo de lectura\" \/>\n\t<meta name=\"twitter:data2\" content=\"4 minutos\" \/>\n<script type=\"application\/ld+json\" class=\"yoast-schema-graph\">{\"@context\":\"https:\\\/\\\/schema.org\",\"@graph\":[{\"@type\":\"Article\",\"@id\":\"https:\\\/\\\/centro-cee.com\\\/web\\\/la-cabina-inspiracion-tecnologica\\\/#article\",\"isPartOf\":{\"@id\":\"https:\\\/\\\/centro-cee.com\\\/web\\\/la-cabina-inspiracion-tecnologica\\\/\"},\"author\":{\"name\":\"Edici\u00f3n\",\"@id\":\"https:\\\/\\\/centro-cee.com\\\/web\\\/#\\\/schema\\\/person\\\/24bfbcbf6dc0b6bfac34beca30e9d1d6\"},\"headline\":\"La Cabina &#8211; inspiraci\u00f3n tecnol\u00f3gica\",\"datePublished\":\"2023-03-20T11:26:12+00:00\",\"dateModified\":\"2023-03-20T11:28:38+00:00\",\"mainEntityOfPage\":{\"@id\":\"https:\\\/\\\/centro-cee.com\\\/web\\\/la-cabina-inspiracion-tecnologica\\\/\"},\"wordCount\":707,\"publisher\":{\"@id\":\"https:\\\/\\\/centro-cee.com\\\/web\\\/#organization\"},\"image\":{\"@id\":\"https:\\\/\\\/centro-cee.com\\\/web\\\/la-cabina-inspiracion-tecnologica\\\/#primaryimage\"},\"thumbnailUrl\":\"https:\\\/\\\/centro-cee.com\\\/web\\\/wp-content\\\/uploads\\\/2023\\\/03\\\/tele.png\",\"keywords\":[\"big data\",\"blockchain\",\"cee\",\"ciberseguridad\",\"comunicaciones\",\"futuro\",\"innovaci\u00f3n\",\"Lacabina\",\"tecnolog\u00eda\",\"telef\u00f3nica\"],\"articleSection\":[\"Noticias\"],\"inLanguage\":\"es\"},{\"@type\":\"WebPage\",\"@id\":\"https:\\\/\\\/centro-cee.com\\\/web\\\/la-cabina-inspiracion-tecnologica\\\/\",\"url\":\"https:\\\/\\\/centro-cee.com\\\/web\\\/la-cabina-inspiracion-tecnologica\\\/\",\"name\":\"La Cabina - inspiraci\u00f3n tecnol\u00f3gica - Centro CEE\",\"isPartOf\":{\"@id\":\"https:\\\/\\\/centro-cee.com\\\/web\\\/#website\"},\"primaryImageOfPage\":{\"@id\":\"https:\\\/\\\/centro-cee.com\\\/web\\\/la-cabina-inspiracion-tecnologica\\\/#primaryimage\"},\"image\":{\"@id\":\"https:\\\/\\\/centro-cee.com\\\/web\\\/la-cabina-inspiracion-tecnologica\\\/#primaryimage\"},\"thumbnailUrl\":\"https:\\\/\\\/centro-cee.com\\\/web\\\/wp-content\\\/uploads\\\/2023\\\/03\\\/tele.png\",\"datePublished\":\"2023-03-20T11:26:12+00:00\",\"dateModified\":\"2023-03-20T11:28:38+00:00\",\"description\":\"La Cabina - inspiraci\u00f3n tecnol\u00f3gica, Telef\u00f3nica apuesta por el nuevo talento con su nuevo centro de inspiraci\u00f3n tecnol\u00f3gica. Noticias CEE\",\"breadcrumb\":{\"@id\":\"https:\\\/\\\/centro-cee.com\\\/web\\\/la-cabina-inspiracion-tecnologica\\\/#breadcrumb\"},\"inLanguage\":\"es\",\"potentialAction\":[{\"@type\":\"ReadAction\",\"target\":[\"https:\\\/\\\/centro-cee.com\\\/web\\\/la-cabina-inspiracion-tecnologica\\\/\"]}]},{\"@type\":\"ImageObject\",\"inLanguage\":\"es\",\"@id\":\"https:\\\/\\\/centro-cee.com\\\/web\\\/la-cabina-inspiracion-tecnologica\\\/#primaryimage\",\"url\":\"https:\\\/\\\/centro-cee.com\\\/web\\\/wp-content\\\/uploads\\\/2023\\\/03\\\/tele.png\",\"contentUrl\":\"https:\\\/\\\/centro-cee.com\\\/web\\\/wp-content\\\/uploads\\\/2023\\\/03\\\/tele.png\",\"width\":1200,\"height\":330,\"caption\":\"Telef\u00f3nica - Centro CEE\"},{\"@type\":\"BreadcrumbList\",\"@id\":\"https:\\\/\\\/centro-cee.com\\\/web\\\/la-cabina-inspiracion-tecnologica\\\/#breadcrumb\",\"itemListElement\":[{\"@type\":\"ListItem\",\"position\":1,\"name\":\"Portada\",\"item\":\"https:\\\/\\\/centro-cee.com\\\/web\\\/\"},{\"@type\":\"ListItem\",\"position\":2,\"name\":\"La Cabina &#8211; inspiraci\u00f3n tecnol\u00f3gica\"}]},{\"@type\":\"WebSite\",\"@id\":\"https:\\\/\\\/centro-cee.com\\\/web\\\/#website\",\"url\":\"https:\\\/\\\/centro-cee.com\\\/web\\\/\",\"name\":\"Centro Europeo E-learning\",\"description\":\"CEE Formaci\u00f3n Online\",\"publisher\":{\"@id\":\"https:\\\/\\\/centro-cee.com\\\/web\\\/#organization\"},\"alternateName\":\"Centro Online de Formaci\u00f3n\",\"potentialAction\":[{\"@type\":\"SearchAction\",\"target\":{\"@type\":\"EntryPoint\",\"urlTemplate\":\"https:\\\/\\\/centro-cee.com\\\/web\\\/?s={search_term_string}\"},\"query-input\":{\"@type\":\"PropertyValueSpecification\",\"valueRequired\":true,\"valueName\":\"search_term_string\"}}],\"inLanguage\":\"es\"},{\"@type\":\"Organization\",\"@id\":\"https:\\\/\\\/centro-cee.com\\\/web\\\/#organization\",\"name\":\"Centro Europeo E-learning CEE\",\"url\":\"https:\\\/\\\/centro-cee.com\\\/web\\\/\",\"logo\":{\"@type\":\"ImageObject\",\"inLanguage\":\"es\",\"@id\":\"https:\\\/\\\/centro-cee.com\\\/web\\\/#\\\/schema\\\/logo\\\/image\\\/\",\"url\":\"https:\\\/\\\/centro-cee.com\\\/web\\\/wp-content\\\/uploads\\\/2022\\\/12\\\/cropped-logo_educa.png\",\"contentUrl\":\"https:\\\/\\\/centro-cee.com\\\/web\\\/wp-content\\\/uploads\\\/2022\\\/12\\\/cropped-logo_educa.png\",\"width\":157,\"height\":63,\"caption\":\"Centro Europeo E-learning CEE\"},\"image\":{\"@id\":\"https:\\\/\\\/centro-cee.com\\\/web\\\/#\\\/schema\\\/logo\\\/image\\\/\"},\"sameAs\":[\"https:\\\/\\\/www.instagram.com\\\/centroeuropeo_cee\"]},{\"@type\":\"Person\",\"@id\":\"https:\\\/\\\/centro-cee.com\\\/web\\\/#\\\/schema\\\/person\\\/24bfbcbf6dc0b6bfac34beca30e9d1d6\",\"name\":\"Edici\u00f3n\",\"image\":{\"@type\":\"ImageObject\",\"inLanguage\":\"es\",\"@id\":\"https:\\\/\\\/secure.gravatar.com\\\/avatar\\\/0a624005c10688edf13034d7c3734e8b9f3bf7083d2ca657e150b27a6bb4ba18?s=96&d=mm&r=g\",\"url\":\"https:\\\/\\\/secure.gravatar.com\\\/avatar\\\/0a624005c10688edf13034d7c3734e8b9f3bf7083d2ca657e150b27a6bb4ba18?s=96&d=mm&r=g\",\"contentUrl\":\"https:\\\/\\\/secure.gravatar.com\\\/avatar\\\/0a624005c10688edf13034d7c3734e8b9f3bf7083d2ca657e150b27a6bb4ba18?s=96&d=mm&r=g\",\"caption\":\"Edici\u00f3n\"},\"url\":\"https:\\\/\\\/centro-cee.com\\\/web\\\/author\\\/edicion\\\/\"}]}<\/script>\n<!-- \/ Yoast SEO plugin. -->","yoast_head_json":{"title":"La Cabina - inspiraci\u00f3n tecnol\u00f3gica - Centro CEE","description":"La Cabina - inspiraci\u00f3n tecnol\u00f3gica, Telef\u00f3nica apuesta por el nuevo talento con su nuevo centro de inspiraci\u00f3n tecnol\u00f3gica. Noticias CEE","robots":{"index":"index","follow":"follow","max-snippet":"max-snippet:-1","max-image-preview":"max-image-preview:large","max-video-preview":"max-video-preview:-1"},"canonical":"https:\/\/centro-cee.com\/web\/la-cabina-inspiracion-tecnologica\/","og_locale":"es_ES","og_type":"article","og_title":"La Cabina - inspiraci\u00f3n tecnol\u00f3gica - Centro CEE","og_description":"La Cabina - inspiraci\u00f3n tecnol\u00f3gica, Telef\u00f3nica apuesta por el nuevo talento con su nuevo centro de inspiraci\u00f3n tecnol\u00f3gica. Noticias CEE","og_url":"https:\/\/centro-cee.com\/web\/la-cabina-inspiracion-tecnologica\/","og_site_name":"CEE Centro Europeo E-learning - Cursos online","article_published_time":"2023-03-20T11:26:12+00:00","article_modified_time":"2023-03-20T11:28:38+00:00","og_image":[{"width":1200,"height":330,"url":"https:\/\/centro-cee.com\/web\/wp-content\/uploads\/2023\/03\/tele.png","type":"image\/png"}],"author":"Edici\u00f3n","twitter_card":"summary_large_image","twitter_misc":{"Escrito por":"Edici\u00f3n","Tiempo de lectura":"4 minutos"},"schema":{"@context":"https:\/\/schema.org","@graph":[{"@type":"Article","@id":"https:\/\/centro-cee.com\/web\/la-cabina-inspiracion-tecnologica\/#article","isPartOf":{"@id":"https:\/\/centro-cee.com\/web\/la-cabina-inspiracion-tecnologica\/"},"author":{"name":"Edici\u00f3n","@id":"https:\/\/centro-cee.com\/web\/#\/schema\/person\/24bfbcbf6dc0b6bfac34beca30e9d1d6"},"headline":"La Cabina &#8211; inspiraci\u00f3n tecnol\u00f3gica","datePublished":"2023-03-20T11:26:12+00:00","dateModified":"2023-03-20T11:28:38+00:00","mainEntityOfPage":{"@id":"https:\/\/centro-cee.com\/web\/la-cabina-inspiracion-tecnologica\/"},"wordCount":707,"publisher":{"@id":"https:\/\/centro-cee.com\/web\/#organization"},"image":{"@id":"https:\/\/centro-cee.com\/web\/la-cabina-inspiracion-tecnologica\/#primaryimage"},"thumbnailUrl":"https:\/\/centro-cee.com\/web\/wp-content\/uploads\/2023\/03\/tele.png","keywords":["big data","blockchain","cee","ciberseguridad","comunicaciones","futuro","innovaci\u00f3n","Lacabina","tecnolog\u00eda","telef\u00f3nica"],"articleSection":["Noticias"],"inLanguage":"es"},{"@type":"WebPage","@id":"https:\/\/centro-cee.com\/web\/la-cabina-inspiracion-tecnologica\/","url":"https:\/\/centro-cee.com\/web\/la-cabina-inspiracion-tecnologica\/","name":"La Cabina - inspiraci\u00f3n tecnol\u00f3gica - Centro CEE","isPartOf":{"@id":"https:\/\/centro-cee.com\/web\/#website"},"primaryImageOfPage":{"@id":"https:\/\/centro-cee.com\/web\/la-cabina-inspiracion-tecnologica\/#primaryimage"},"image":{"@id":"https:\/\/centro-cee.com\/web\/la-cabina-inspiracion-tecnologica\/#primaryimage"},"thumbnailUrl":"https:\/\/centro-cee.com\/web\/wp-content\/uploads\/2023\/03\/tele.png","datePublished":"2023-03-20T11:26:12+00:00","dateModified":"2023-03-20T11:28:38+00:00","description":"La Cabina - inspiraci\u00f3n tecnol\u00f3gica, Telef\u00f3nica apuesta por el nuevo talento con su nuevo centro de inspiraci\u00f3n tecnol\u00f3gica. Noticias CEE","breadcrumb":{"@id":"https:\/\/centro-cee.com\/web\/la-cabina-inspiracion-tecnologica\/#breadcrumb"},"inLanguage":"es","potentialAction":[{"@type":"ReadAction","target":["https:\/\/centro-cee.com\/web\/la-cabina-inspiracion-tecnologica\/"]}]},{"@type":"ImageObject","inLanguage":"es","@id":"https:\/\/centro-cee.com\/web\/la-cabina-inspiracion-tecnologica\/#primaryimage","url":"https:\/\/centro-cee.com\/web\/wp-content\/uploads\/2023\/03\/tele.png","contentUrl":"https:\/\/centro-cee.com\/web\/wp-content\/uploads\/2023\/03\/tele.png","width":1200,"height":330,"caption":"Telef\u00f3nica - Centro CEE"},{"@type":"BreadcrumbList","@id":"https:\/\/centro-cee.com\/web\/la-cabina-inspiracion-tecnologica\/#breadcrumb","itemListElement":[{"@type":"ListItem","position":1,"name":"Portada","item":"https:\/\/centro-cee.com\/web\/"},{"@type":"ListItem","position":2,"name":"La Cabina &#8211; inspiraci\u00f3n tecnol\u00f3gica"}]},{"@type":"WebSite","@id":"https:\/\/centro-cee.com\/web\/#website","url":"https:\/\/centro-cee.com\/web\/","name":"Centro Europeo E-learning","description":"CEE Formaci\u00f3n Online","publisher":{"@id":"https:\/\/centro-cee.com\/web\/#organization"},"alternateName":"Centro Online de Formaci\u00f3n","potentialAction":[{"@type":"SearchAction","target":{"@type":"EntryPoint","urlTemplate":"https:\/\/centro-cee.com\/web\/?s={search_term_string}"},"query-input":{"@type":"PropertyValueSpecification","valueRequired":true,"valueName":"search_term_string"}}],"inLanguage":"es"},{"@type":"Organization","@id":"https:\/\/centro-cee.com\/web\/#organization","name":"Centro Europeo E-learning CEE","url":"https:\/\/centro-cee.com\/web\/","logo":{"@type":"ImageObject","inLanguage":"es","@id":"https:\/\/centro-cee.com\/web\/#\/schema\/logo\/image\/","url":"https:\/\/centro-cee.com\/web\/wp-content\/uploads\/2022\/12\/cropped-logo_educa.png","contentUrl":"https:\/\/centro-cee.com\/web\/wp-content\/uploads\/2022\/12\/cropped-logo_educa.png","width":157,"height":63,"caption":"Centro Europeo E-learning CEE"},"image":{"@id":"https:\/\/centro-cee.com\/web\/#\/schema\/logo\/image\/"},"sameAs":["https:\/\/www.instagram.com\/centroeuropeo_cee"]},{"@type":"Person","@id":"https:\/\/centro-cee.com\/web\/#\/schema\/person\/24bfbcbf6dc0b6bfac34beca30e9d1d6","name":"Edici\u00f3n","image":{"@type":"ImageObject","inLanguage":"es","@id":"https:\/\/secure.gravatar.com\/avatar\/0a624005c10688edf13034d7c3734e8b9f3bf7083d2ca657e150b27a6bb4ba18?s=96&d=mm&r=g","url":"https:\/\/secure.gravatar.com\/avatar\/0a624005c10688edf13034d7c3734e8b9f3bf7083d2ca657e150b27a6bb4ba18?s=96&d=mm&r=g","contentUrl":"https:\/\/secure.gravatar.com\/avatar\/0a624005c10688edf13034d7c3734e8b9f3bf7083d2ca657e150b27a6bb4ba18?s=96&d=mm&r=g","caption":"Edici\u00f3n"},"url":"https:\/\/centro-cee.com\/web\/author\/edicion\/"}]}},"_links":{"self":[{"href":"https:\/\/centro-cee.com\/web\/wp-json\/wp\/v2\/posts\/1188","targetHints":{"allow":["GET"]}}],"collection":[{"href":"https:\/\/centro-cee.com\/web\/wp-json\/wp\/v2\/posts"}],"about":[{"href":"https:\/\/centro-cee.com\/web\/wp-json\/wp\/v2\/types\/post"}],"author":[{"embeddable":true,"href":"https:\/\/centro-cee.com\/web\/wp-json\/wp\/v2\/users\/2"}],"replies":[{"embeddable":true,"href":"https:\/\/centro-cee.com\/web\/wp-json\/wp\/v2\/comments?post=1188"}],"version-history":[{"count":2,"href":"https:\/\/centro-cee.com\/web\/wp-json\/wp\/v2\/posts\/1188\/revisions"}],"predecessor-version":[{"id":1191,"href":"https:\/\/centro-cee.com\/web\/wp-json\/wp\/v2\/posts\/1188\/revisions\/1191"}],"wp:featuredmedia":[{"embeddable":true,"href":"https:\/\/centro-cee.com\/web\/wp-json\/wp\/v2\/media\/1189"}],"wp:attachment":[{"href":"https:\/\/centro-cee.com\/web\/wp-json\/wp\/v2\/media?parent=1188"}],"wp:term":[{"taxonomy":"category","embeddable":true,"href":"https:\/\/centro-cee.com\/web\/wp-json\/wp\/v2\/categories?post=1188"},{"taxonomy":"post_tag","embeddable":true,"href":"https:\/\/centro-cee.com\/web\/wp-json\/wp\/v2\/tags?post=1188"}],"curies":[{"name":"wp","href":"https:\/\/api.w.org\/{rel}","templated":true}]}}