{"id":1147,"date":"2023-02-28T10:32:55","date_gmt":"2023-02-28T10:32:55","guid":{"rendered":"https:\/\/centro-cee.com\/web\/?p=1147"},"modified":"2023-02-28T10:34:19","modified_gmt":"2023-02-28T10:34:19","slug":"mobile-world-congress-2023","status":"publish","type":"post","link":"https:\/\/centro-cee.com\/web\/mobile-world-congress-2023\/","title":{"rendered":"Mobile World Congress 2023"},"content":{"rendered":"<p><!--more--><\/p>\n<p class=\"entry-title\">Mobile World Congress 2023<\/p>\n<p>El <strong>Mobile World Congress 2023 <\/strong>ya ha abierto sus puertas. Desde hoy lunes y hasta el pr\u00f3ximo jueves 2 de marzo, Barcelona se convierte en la capital mundial de la tecnolog\u00eda. Un a\u00f1o m\u00e1s, ser\u00e1 la Fira Gran V\u00eda de Hospitales del Llobregat la que ver\u00e1 pasar los <strong>m\u00e1s de 80.000 visitantes esperados. \u00a0<\/strong><\/p>\n<p>Poco a poco, el MWC va volviendo a la normalidad. El par\u00f3n de 2020 supuso un mazazo importante para la feria. La edici\u00f3n de 2021 fue totalmente descafeinada mientras que la del a\u00f1o pasado ofreci\u00f3 ciertos atisbos de parecerse a la ferie que hab\u00eda sido a\u00f1os anteriores. Este <strong>vuelve a ser un MWC sin mascarilla y sin pasaporte COVID,<\/strong> y con una afluencia de visitantes, expositores y p\u00fablico, m\u00e1s parecido a los a\u00f1os gloriosos de la feria.<\/p>\n<h2>Marcas, presentaciones y tecnolog\u00eda<\/h2>\n<p>El MWC seguir\u00e1 celebr\u00e1ndose en Barcelona al menos hasta 2023, lo cu\u00e1l es una excelente noticia, debido al impacto econ\u00f3mico que supone la celebraci\u00f3n del evento en la Ciudad Condal. \u00a0Las grandes marcas estar\u00e1n presentes, con <strong>Samsung, Huawei, Xiaomi, Nokia, Ericsson, OPPO y muchos otros<\/strong> liderando la tecnolog\u00eda de consumo y de redes.<\/p>\n<p>En la feria se podr\u00e1n ver y tocar los <a href=\"https:\/\/www.phonehouse.es\/samsung-galaxy-s23-series.html?utm_source=blog_ph&amp;utm_medium=blogs_y_plataformas&amp;utm_campaign=mwc_27_febrero2023\"><strong>nuevos Galaxy S23 de Samsung<\/strong><\/a> o los Xiaomi 13, adem\u00e1s de los nuevos Honor Magic5. Nokia, Realme, TCL y OPPO tambi\u00e9n mostrar\u00e1n sus apuestas. Tambi\u00e9n habr\u00e1 espacio para ve<strong>r los \u00faltimos avances en redes de telecomunicaciones, <\/strong>en desarrollo de apps, inversiones innovadoras y mucho m\u00e1s. La tecnolog\u00eda el\u00e9ctrica con patinetes o coches tambi\u00e9n tendr\u00e1 peso en este MWC 2023. El MWC 2023 tambi\u00e9n mostrar\u00e1 servicios basados en tecnolog\u00edas disruptivas como la realidad inmersiva, el metaverso, o la inteligencia artificial en diferentes espacios:<strong> MWC, 4YFN y BEAT BARCELONA.<\/strong><\/p>\n<p>En la edici\u00f3n de este a\u00f1o se ha creado <strong>una experiencia inmersiva c<\/strong>entrada en un recorrido sensorial por Barcelona, mezclando el mundo f\u00edsico y el virtual, para que los visitantes del MWC23 adem\u00e1s de tener una experiencia de usuario \u00fanica puedan<strong> reflexionar sobre el impacto de la tecnolog\u00eda<\/strong> en la forma de comunicarnos, interactuar y percibir la realidad.<\/p>\n<p style=\"font-size: 70%;\">Fuente: Phone House<\/p>\n<p>&nbsp;<\/p>\n<p><a href=\"https:\/\/centro-cee.com\/web\/category\/noticias\/\">Atr\u00e1s<\/a><\/p>\n<hr \/>\n<p style=\"font-size: 70%;\"><em><strong>Mobile World Congress 2023<\/strong><\/em><\/p>\n","protected":false},"excerpt":{"rendered":"","protected":false},"author":2,"featured_media":1148,"comment_status":"closed","ping_status":"closed","sticky":false,"template":"","format":"standard","meta":{"footnotes":""},"categories":[1],"tags":[342,343,39,218,341,340,103,106],"class_list":["post-1147","post","type-post","status-publish","format-standard","has-post-thumbnail","hentry","category-noticias","tag-barcelona","tag-bcn","tag-cee","tag-ia","tag-movile-world-congress","tag-mwc","tag-samsung","tag-telefonia"],"yoast_head":"<!-- This site is optimized with the Yoast SEO plugin v27.5 - https:\/\/yoast.com\/product\/yoast-seo-wordpress\/ -->\n<title>Mobile World Congress 2023 - Centro CEE<\/title>\n<meta name=\"description\" content=\"Mobile World Congress 2023, ya se ha iniciado el MWC en Barcelona y durante unos d\u00edas mostrar\u00e1n los \u00faltimos avances tecnol\u00f3gicos.\" \/>\n<meta name=\"robots\" content=\"index, follow, max-snippet:-1, max-image-preview:large, max-video-preview:-1\" \/>\n<link rel=\"canonical\" href=\"https:\/\/centro-cee.com\/web\/mobile-world-congress-2023\/\" \/>\n<meta property=\"og:locale\" content=\"es_ES\" \/>\n<meta property=\"og:type\" content=\"article\" \/>\n<meta property=\"og:title\" content=\"Mobile World Congress 2023 - Centro CEE\" \/>\n<meta property=\"og:description\" content=\"Mobile World Congress 2023, ya se ha iniciado el MWC en Barcelona y durante unos d\u00edas mostrar\u00e1n los \u00faltimos avances tecnol\u00f3gicos.\" \/>\n<meta property=\"og:url\" content=\"https:\/\/centro-cee.com\/web\/mobile-world-congress-2023\/\" \/>\n<meta property=\"og:site_name\" content=\"CEE Centro Europeo E-learning - Cursos online\" \/>\n<meta property=\"article:published_time\" content=\"2023-02-28T10:32:55+00:00\" \/>\n<meta property=\"article:modified_time\" content=\"2023-02-28T10:34:19+00:00\" \/>\n<meta property=\"og:image\" content=\"https:\/\/centro-cee.com\/web\/wp-content\/uploads\/2023\/02\/mwc-e1677580203243.jpg\" \/>\n\t<meta property=\"og:image:width\" content=\"1866\" \/>\n\t<meta property=\"og:image:height\" content=\"365\" \/>\n\t<meta property=\"og:image:type\" content=\"image\/jpeg\" \/>\n<meta name=\"author\" content=\"Edici\u00f3n\" \/>\n<meta name=\"twitter:card\" content=\"summary_large_image\" \/>\n<meta name=\"twitter:label1\" content=\"Escrito por\" \/>\n\t<meta name=\"twitter:data1\" content=\"Edici\u00f3n\" \/>\n\t<meta name=\"twitter:label2\" content=\"Tiempo de lectura\" \/>\n\t<meta name=\"twitter:data2\" content=\"2 minutos\" \/>\n<script type=\"application\/ld+json\" class=\"yoast-schema-graph\">{\"@context\":\"https:\\\/\\\/schema.org\",\"@graph\":[{\"@type\":\"Article\",\"@id\":\"https:\\\/\\\/centro-cee.com\\\/web\\\/mobile-world-congress-2023\\\/#article\",\"isPartOf\":{\"@id\":\"https:\\\/\\\/centro-cee.com\\\/web\\\/mobile-world-congress-2023\\\/\"},\"author\":{\"name\":\"Edici\u00f3n\",\"@id\":\"https:\\\/\\\/centro-cee.com\\\/web\\\/#\\\/schema\\\/person\\\/24bfbcbf6dc0b6bfac34beca30e9d1d6\"},\"headline\":\"Mobile World Congress 2023\",\"datePublished\":\"2023-02-28T10:32:55+00:00\",\"dateModified\":\"2023-02-28T10:34:19+00:00\",\"mainEntityOfPage\":{\"@id\":\"https:\\\/\\\/centro-cee.com\\\/web\\\/mobile-world-congress-2023\\\/\"},\"wordCount\":384,\"publisher\":{\"@id\":\"https:\\\/\\\/centro-cee.com\\\/web\\\/#organization\"},\"image\":{\"@id\":\"https:\\\/\\\/centro-cee.com\\\/web\\\/mobile-world-congress-2023\\\/#primaryimage\"},\"thumbnailUrl\":\"https:\\\/\\\/centro-cee.com\\\/web\\\/wp-content\\\/uploads\\\/2023\\\/02\\\/mwc-e1677580203243.jpg\",\"keywords\":[\"barcelona\",\"bcn\",\"cee\",\"ia\",\"movile world congress\",\"MWC\",\"samsung\",\"telefonia\"],\"articleSection\":[\"Noticias\"],\"inLanguage\":\"es\"},{\"@type\":\"WebPage\",\"@id\":\"https:\\\/\\\/centro-cee.com\\\/web\\\/mobile-world-congress-2023\\\/\",\"url\":\"https:\\\/\\\/centro-cee.com\\\/web\\\/mobile-world-congress-2023\\\/\",\"name\":\"Mobile World Congress 2023 - Centro CEE\",\"isPartOf\":{\"@id\":\"https:\\\/\\\/centro-cee.com\\\/web\\\/#website\"},\"primaryImageOfPage\":{\"@id\":\"https:\\\/\\\/centro-cee.com\\\/web\\\/mobile-world-congress-2023\\\/#primaryimage\"},\"image\":{\"@id\":\"https:\\\/\\\/centro-cee.com\\\/web\\\/mobile-world-congress-2023\\\/#primaryimage\"},\"thumbnailUrl\":\"https:\\\/\\\/centro-cee.com\\\/web\\\/wp-content\\\/uploads\\\/2023\\\/02\\\/mwc-e1677580203243.jpg\",\"datePublished\":\"2023-02-28T10:32:55+00:00\",\"dateModified\":\"2023-02-28T10:34:19+00:00\",\"description\":\"Mobile World Congress 2023, ya se ha iniciado el MWC en Barcelona y durante unos d\u00edas mostrar\u00e1n los \u00faltimos avances tecnol\u00f3gicos.\",\"breadcrumb\":{\"@id\":\"https:\\\/\\\/centro-cee.com\\\/web\\\/mobile-world-congress-2023\\\/#breadcrumb\"},\"inLanguage\":\"es\",\"potentialAction\":[{\"@type\":\"ReadAction\",\"target\":[\"https:\\\/\\\/centro-cee.com\\\/web\\\/mobile-world-congress-2023\\\/\"]}]},{\"@type\":\"ImageObject\",\"inLanguage\":\"es\",\"@id\":\"https:\\\/\\\/centro-cee.com\\\/web\\\/mobile-world-congress-2023\\\/#primaryimage\",\"url\":\"https:\\\/\\\/centro-cee.com\\\/web\\\/wp-content\\\/uploads\\\/2023\\\/02\\\/mwc-e1677580203243.jpg\",\"contentUrl\":\"https:\\\/\\\/centro-cee.com\\\/web\\\/wp-content\\\/uploads\\\/2023\\\/02\\\/mwc-e1677580203243.jpg\",\"width\":1866,\"height\":365,\"caption\":\"MWC2023 - Centro CEE\"},{\"@type\":\"BreadcrumbList\",\"@id\":\"https:\\\/\\\/centro-cee.com\\\/web\\\/mobile-world-congress-2023\\\/#breadcrumb\",\"itemListElement\":[{\"@type\":\"ListItem\",\"position\":1,\"name\":\"Portada\",\"item\":\"https:\\\/\\\/centro-cee.com\\\/web\\\/\"},{\"@type\":\"ListItem\",\"position\":2,\"name\":\"Mobile World Congress 2023\"}]},{\"@type\":\"WebSite\",\"@id\":\"https:\\\/\\\/centro-cee.com\\\/web\\\/#website\",\"url\":\"https:\\\/\\\/centro-cee.com\\\/web\\\/\",\"name\":\"Centro Europeo E-learning\",\"description\":\"CEE Formaci\u00f3n Online\",\"publisher\":{\"@id\":\"https:\\\/\\\/centro-cee.com\\\/web\\\/#organization\"},\"alternateName\":\"Centro Online de Formaci\u00f3n\",\"potentialAction\":[{\"@type\":\"SearchAction\",\"target\":{\"@type\":\"EntryPoint\",\"urlTemplate\":\"https:\\\/\\\/centro-cee.com\\\/web\\\/?s={search_term_string}\"},\"query-input\":{\"@type\":\"PropertyValueSpecification\",\"valueRequired\":true,\"valueName\":\"search_term_string\"}}],\"inLanguage\":\"es\"},{\"@type\":\"Organization\",\"@id\":\"https:\\\/\\\/centro-cee.com\\\/web\\\/#organization\",\"name\":\"Centro Europeo E-learning CEE\",\"url\":\"https:\\\/\\\/centro-cee.com\\\/web\\\/\",\"logo\":{\"@type\":\"ImageObject\",\"inLanguage\":\"es\",\"@id\":\"https:\\\/\\\/centro-cee.com\\\/web\\\/#\\\/schema\\\/logo\\\/image\\\/\",\"url\":\"https:\\\/\\\/centro-cee.com\\\/web\\\/wp-content\\\/uploads\\\/2022\\\/12\\\/cropped-logo_educa.png\",\"contentUrl\":\"https:\\\/\\\/centro-cee.com\\\/web\\\/wp-content\\\/uploads\\\/2022\\\/12\\\/cropped-logo_educa.png\",\"width\":157,\"height\":63,\"caption\":\"Centro Europeo E-learning CEE\"},\"image\":{\"@id\":\"https:\\\/\\\/centro-cee.com\\\/web\\\/#\\\/schema\\\/logo\\\/image\\\/\"},\"sameAs\":[\"https:\\\/\\\/www.instagram.com\\\/centroeuropeo_cee\"]},{\"@type\":\"Person\",\"@id\":\"https:\\\/\\\/centro-cee.com\\\/web\\\/#\\\/schema\\\/person\\\/24bfbcbf6dc0b6bfac34beca30e9d1d6\",\"name\":\"Edici\u00f3n\",\"image\":{\"@type\":\"ImageObject\",\"inLanguage\":\"es\",\"@id\":\"https:\\\/\\\/secure.gravatar.com\\\/avatar\\\/0a624005c10688edf13034d7c3734e8b9f3bf7083d2ca657e150b27a6bb4ba18?s=96&d=mm&r=g\",\"url\":\"https:\\\/\\\/secure.gravatar.com\\\/avatar\\\/0a624005c10688edf13034d7c3734e8b9f3bf7083d2ca657e150b27a6bb4ba18?s=96&d=mm&r=g\",\"contentUrl\":\"https:\\\/\\\/secure.gravatar.com\\\/avatar\\\/0a624005c10688edf13034d7c3734e8b9f3bf7083d2ca657e150b27a6bb4ba18?s=96&d=mm&r=g\",\"caption\":\"Edici\u00f3n\"},\"url\":\"https:\\\/\\\/centro-cee.com\\\/web\\\/author\\\/edicion\\\/\"}]}<\/script>\n<!-- \/ Yoast SEO plugin. -->","yoast_head_json":{"title":"Mobile World Congress 2023 - Centro CEE","description":"Mobile World Congress 2023, ya se ha iniciado el MWC en Barcelona y durante unos d\u00edas mostrar\u00e1n los \u00faltimos avances tecnol\u00f3gicos.","robots":{"index":"index","follow":"follow","max-snippet":"max-snippet:-1","max-image-preview":"max-image-preview:large","max-video-preview":"max-video-preview:-1"},"canonical":"https:\/\/centro-cee.com\/web\/mobile-world-congress-2023\/","og_locale":"es_ES","og_type":"article","og_title":"Mobile World Congress 2023 - Centro CEE","og_description":"Mobile World Congress 2023, ya se ha iniciado el MWC en Barcelona y durante unos d\u00edas mostrar\u00e1n los \u00faltimos avances tecnol\u00f3gicos.","og_url":"https:\/\/centro-cee.com\/web\/mobile-world-congress-2023\/","og_site_name":"CEE Centro Europeo E-learning - Cursos online","article_published_time":"2023-02-28T10:32:55+00:00","article_modified_time":"2023-02-28T10:34:19+00:00","og_image":[{"width":1866,"height":365,"url":"https:\/\/centro-cee.com\/web\/wp-content\/uploads\/2023\/02\/mwc-e1677580203243.jpg","type":"image\/jpeg"}],"author":"Edici\u00f3n","twitter_card":"summary_large_image","twitter_misc":{"Escrito por":"Edici\u00f3n","Tiempo de lectura":"2 minutos"},"schema":{"@context":"https:\/\/schema.org","@graph":[{"@type":"Article","@id":"https:\/\/centro-cee.com\/web\/mobile-world-congress-2023\/#article","isPartOf":{"@id":"https:\/\/centro-cee.com\/web\/mobile-world-congress-2023\/"},"author":{"name":"Edici\u00f3n","@id":"https:\/\/centro-cee.com\/web\/#\/schema\/person\/24bfbcbf6dc0b6bfac34beca30e9d1d6"},"headline":"Mobile World Congress 2023","datePublished":"2023-02-28T10:32:55+00:00","dateModified":"2023-02-28T10:34:19+00:00","mainEntityOfPage":{"@id":"https:\/\/centro-cee.com\/web\/mobile-world-congress-2023\/"},"wordCount":384,"publisher":{"@id":"https:\/\/centro-cee.com\/web\/#organization"},"image":{"@id":"https:\/\/centro-cee.com\/web\/mobile-world-congress-2023\/#primaryimage"},"thumbnailUrl":"https:\/\/centro-cee.com\/web\/wp-content\/uploads\/2023\/02\/mwc-e1677580203243.jpg","keywords":["barcelona","bcn","cee","ia","movile world congress","MWC","samsung","telefonia"],"articleSection":["Noticias"],"inLanguage":"es"},{"@type":"WebPage","@id":"https:\/\/centro-cee.com\/web\/mobile-world-congress-2023\/","url":"https:\/\/centro-cee.com\/web\/mobile-world-congress-2023\/","name":"Mobile World Congress 2023 - Centro CEE","isPartOf":{"@id":"https:\/\/centro-cee.com\/web\/#website"},"primaryImageOfPage":{"@id":"https:\/\/centro-cee.com\/web\/mobile-world-congress-2023\/#primaryimage"},"image":{"@id":"https:\/\/centro-cee.com\/web\/mobile-world-congress-2023\/#primaryimage"},"thumbnailUrl":"https:\/\/centro-cee.com\/web\/wp-content\/uploads\/2023\/02\/mwc-e1677580203243.jpg","datePublished":"2023-02-28T10:32:55+00:00","dateModified":"2023-02-28T10:34:19+00:00","description":"Mobile World Congress 2023, ya se ha iniciado el MWC en Barcelona y durante unos d\u00edas mostrar\u00e1n los \u00faltimos avances tecnol\u00f3gicos.","breadcrumb":{"@id":"https:\/\/centro-cee.com\/web\/mobile-world-congress-2023\/#breadcrumb"},"inLanguage":"es","potentialAction":[{"@type":"ReadAction","target":["https:\/\/centro-cee.com\/web\/mobile-world-congress-2023\/"]}]},{"@type":"ImageObject","inLanguage":"es","@id":"https:\/\/centro-cee.com\/web\/mobile-world-congress-2023\/#primaryimage","url":"https:\/\/centro-cee.com\/web\/wp-content\/uploads\/2023\/02\/mwc-e1677580203243.jpg","contentUrl":"https:\/\/centro-cee.com\/web\/wp-content\/uploads\/2023\/02\/mwc-e1677580203243.jpg","width":1866,"height":365,"caption":"MWC2023 - Centro CEE"},{"@type":"BreadcrumbList","@id":"https:\/\/centro-cee.com\/web\/mobile-world-congress-2023\/#breadcrumb","itemListElement":[{"@type":"ListItem","position":1,"name":"Portada","item":"https:\/\/centro-cee.com\/web\/"},{"@type":"ListItem","position":2,"name":"Mobile World Congress 2023"}]},{"@type":"WebSite","@id":"https:\/\/centro-cee.com\/web\/#website","url":"https:\/\/centro-cee.com\/web\/","name":"Centro Europeo E-learning","description":"CEE Formaci\u00f3n Online","publisher":{"@id":"https:\/\/centro-cee.com\/web\/#organization"},"alternateName":"Centro Online de Formaci\u00f3n","potentialAction":[{"@type":"SearchAction","target":{"@type":"EntryPoint","urlTemplate":"https:\/\/centro-cee.com\/web\/?s={search_term_string}"},"query-input":{"@type":"PropertyValueSpecification","valueRequired":true,"valueName":"search_term_string"}}],"inLanguage":"es"},{"@type":"Organization","@id":"https:\/\/centro-cee.com\/web\/#organization","name":"Centro Europeo E-learning CEE","url":"https:\/\/centro-cee.com\/web\/","logo":{"@type":"ImageObject","inLanguage":"es","@id":"https:\/\/centro-cee.com\/web\/#\/schema\/logo\/image\/","url":"https:\/\/centro-cee.com\/web\/wp-content\/uploads\/2022\/12\/cropped-logo_educa.png","contentUrl":"https:\/\/centro-cee.com\/web\/wp-content\/uploads\/2022\/12\/cropped-logo_educa.png","width":157,"height":63,"caption":"Centro Europeo E-learning CEE"},"image":{"@id":"https:\/\/centro-cee.com\/web\/#\/schema\/logo\/image\/"},"sameAs":["https:\/\/www.instagram.com\/centroeuropeo_cee"]},{"@type":"Person","@id":"https:\/\/centro-cee.com\/web\/#\/schema\/person\/24bfbcbf6dc0b6bfac34beca30e9d1d6","name":"Edici\u00f3n","image":{"@type":"ImageObject","inLanguage":"es","@id":"https:\/\/secure.gravatar.com\/avatar\/0a624005c10688edf13034d7c3734e8b9f3bf7083d2ca657e150b27a6bb4ba18?s=96&d=mm&r=g","url":"https:\/\/secure.gravatar.com\/avatar\/0a624005c10688edf13034d7c3734e8b9f3bf7083d2ca657e150b27a6bb4ba18?s=96&d=mm&r=g","contentUrl":"https:\/\/secure.gravatar.com\/avatar\/0a624005c10688edf13034d7c3734e8b9f3bf7083d2ca657e150b27a6bb4ba18?s=96&d=mm&r=g","caption":"Edici\u00f3n"},"url":"https:\/\/centro-cee.com\/web\/author\/edicion\/"}]}},"_links":{"self":[{"href":"https:\/\/centro-cee.com\/web\/wp-json\/wp\/v2\/posts\/1147","targetHints":{"allow":["GET"]}}],"collection":[{"href":"https:\/\/centro-cee.com\/web\/wp-json\/wp\/v2\/posts"}],"about":[{"href":"https:\/\/centro-cee.com\/web\/wp-json\/wp\/v2\/types\/post"}],"author":[{"embeddable":true,"href":"https:\/\/centro-cee.com\/web\/wp-json\/wp\/v2\/users\/2"}],"replies":[{"embeddable":true,"href":"https:\/\/centro-cee.com\/web\/wp-json\/wp\/v2\/comments?post=1147"}],"version-history":[{"count":1,"href":"https:\/\/centro-cee.com\/web\/wp-json\/wp\/v2\/posts\/1147\/revisions"}],"predecessor-version":[{"id":1149,"href":"https:\/\/centro-cee.com\/web\/wp-json\/wp\/v2\/posts\/1147\/revisions\/1149"}],"wp:featuredmedia":[{"embeddable":true,"href":"https:\/\/centro-cee.com\/web\/wp-json\/wp\/v2\/media\/1148"}],"wp:attachment":[{"href":"https:\/\/centro-cee.com\/web\/wp-json\/wp\/v2\/media?parent=1147"}],"wp:term":[{"taxonomy":"category","embeddable":true,"href":"https:\/\/centro-cee.com\/web\/wp-json\/wp\/v2\/categories?post=1147"},{"taxonomy":"post_tag","embeddable":true,"href":"https:\/\/centro-cee.com\/web\/wp-json\/wp\/v2\/tags?post=1147"}],"curies":[{"name":"wp","href":"https:\/\/api.w.org\/{rel}","templated":true}]}}