{"id":1119,"date":"2023-02-17T08:06:40","date_gmt":"2023-02-17T08:06:40","guid":{"rendered":"https:\/\/centro-cee.com\/web\/?p=1119"},"modified":"2023-02-17T11:07:41","modified_gmt":"2023-02-17T11:07:41","slug":"elon-musk-dejara-la-direccion-twitter","status":"publish","type":"post","link":"https:\/\/centro-cee.com\/web\/elon-musk-dejara-la-direccion-twitter\/","title":{"rendered":"Elon Musk dejar\u00e1 la direcci\u00f3n Twitter"},"content":{"rendered":"<p><!--more--><\/p>\n<p class=\"tdb-title-text\"><em><strong>Elon Musk dejar\u00e1 la direcci\u00f3n Twitter<\/strong><\/em><\/p>\n<p><strong>Elon Musk<\/strong> sigue siendo noticia en pleno 2023. Despu\u00e9s de publicar el pasado a\u00f1o una <a href=\"https:\/\/www.merca2.es\/2022\/12\/21\/elon-musk-reputacion-twitter-1180008\/\" target=\"_blank\" rel=\"noreferrer noopener\" data-type=\"URL\" data-id=\"https:\/\/www.merca2.es\/2022\/12\/21\/elon-musk-reputacion-twitter-1180008\/\">encuesta <\/a>en la que cuestionaba a sus seguidores si ve\u00edan factible la sustituci\u00f3n de su puesto e incorporar a un nuevo director de <strong>Twitter<\/strong>, la respuesta fue afirmativa para <strong>57%<\/strong> de los encuestados. Ahora, Elon Musk tendr\u00eda en mente el cambio de directiva, barajando la posibilidad de que la reestructuraci\u00f3n de la c\u00fapula de la red social se produzca a finales de a\u00f1o.<\/p>\n<p>As\u00ed, Elon Musk no ha hecho m\u00e1s que desfavorecer los intereses de Twitter tras presenciar su compra obligada por <strong>44.000 millones de d\u00f3lares<\/strong>, ya que le sal\u00eda m\u00e1s caro pagar una multa por recular en la operaci\u00f3n. Sin ir m\u00e1s lejos, tras la llegada de Elon Musk, <strong>muchas compa\u00f1\u00edas que invert\u00edan en publicidad decidieron dejar de hacerlo<\/strong> debido a la gran incertidumbre que ha padecido la compa\u00f1\u00eda tras los m\u00faltiples enfrentamientos con el magnate. No obstante, la acumulaci\u00f3n de despidos tambi\u00e9n ha sido clave para dejar de ingresar en Twitter, deshaci\u00e9ndose de hasta <strong>3.700 trabajadores<\/strong> a nivel global.<\/p>\n<blockquote class=\"wp-block-quote\"><p>\u201cHacia el final del a\u00f1o ser\u00eda un buen momento para encontrar a alguien m\u00e1s para dirigir la empresa\u201d<\/p>\n<p><cite>Elon Musk, CEO de Twitter<\/cite><\/p><\/blockquote>\n<h2>ELON MUSK YA ACORD\u00d3 EN 2022 SU SUSTITUCI\u00d3N<\/h2>\n<p>La estancia de Elon Musk en Twitter se ha convertido en un aut\u00e9ntico quebradero de cabeza para empresas y usuarios. Desde la compra de acciones de la compa\u00f1\u00eda en abril del pasado a\u00f1o hasta su completa adquisici\u00f3n en octubre de ese mismo periodo, se han producido numerosos altercados llenos de controversias. Sus confrontamientos con entidades corporativas han provocado que muchas empresas dejen de invertir en publicidad, <a href=\"https:\/\/www.que.es\/2023\/01\/26\/elon-musk-pretende-recaudar-2-750-millones-euros-para-pagar-deuda-twitter\/\" target=\"_blank\" rel=\"noreferrer noopener\" data-type=\"URL\" data-id=\"https:\/\/www.que.es\/2023\/01\/26\/elon-musk-pretende-recaudar-2-750-millones-euros-para-pagar-deuda-twitter\/\">endeudando a\u00fan m\u00e1s los problemas econ\u00f3micos <\/a>de la red social. Pero los numerosos cambios en la pol\u00edtica de la aplicaci\u00f3n tambi\u00e9n han supuesto un verdadero trauma para su p\u00fablico.<\/p>\n<h2>ELON MUSK YA ACORD\u00d3 EN 2022 SU SUSTITUCI\u00d3N<\/h2>\n<p>La estancia de Elon Musk en Twitter se ha convertido en un aut\u00e9ntico quebradero de cabeza para empresas y usuarios. Desde la compra de acciones de la compa\u00f1\u00eda en abril del pasado a\u00f1o hasta su completa adquisici\u00f3n en octubre de ese mismo periodo, se han producido numerosos altercados llenos de controversias. Sus confrontamientos con entidades corporativas han provocado que muchas empresas dejen de invertir en publicidad, <a href=\"https:\/\/www.que.es\/2023\/01\/26\/elon-musk-pretende-recaudar-2-750-millones-euros-para-pagar-deuda-twitter\/\" target=\"_blank\" rel=\"noreferrer noopener\" data-type=\"URL\" data-id=\"https:\/\/www.que.es\/2023\/01\/26\/elon-musk-pretende-recaudar-2-750-millones-euros-para-pagar-deuda-twitter\/\">endeudando a\u00fan m\u00e1s los problemas econ\u00f3micos <\/a>de la red social. Pero los numerosos cambios en la pol\u00edtica de la aplicaci\u00f3n tambi\u00e9n han supuesto un verdadero trauma para su p\u00fablico.<\/p>\n<p>En este contexto, Elon Musk exterioriz\u00f3 su ego y pidi\u00f3 a la audiencia si \u00e9l deber\u00eda dejar la presidencia de Twitter para que pasara a formar parte de otro CEO capaz de llevar el tim\u00f3n los pr\u00f3ximos a\u00f1os. Tras ver el resultado de la encuesta, Elon Musk fanfarre\u00f3 argumentando que <strong>ninguna persona ser\u00eda recomendable para sucederle<\/strong>, pero a\u00f1adi\u00f3 que renunciar\u00e1 en el caso de \u201cencuentre tan pronto como pueda a alguien lo suficientemente tonto como para aceptar el puesto; despu\u00e9s de eso, solo dirigir\u00e9 los equipos de software y servidores\u201d.<\/p>\n<p>Sea como fuere, Elon Musk tiene la dif\u00edcil tarea de redirigir el mando de Twitter sacando a flote los beneficios y bondades que caracterizaban a la compa\u00f1\u00eda antes de la llegada del directivo de Tesla el pasado ejercicio para paliar las deudas que acarreaba el negocio de la social network. A pesar de ello, Musk ya se ha ganado el rechazo de numerosas personalidades, que tambi\u00e9n han escapado de la red social, e incluso han sido invitados por el propio multimillonario a marcharse.<\/p>\n<h2>ELON MUSK ESTAR\u00cdA DISPUESTO EN DEJAR TWITTER ESTE A\u00d1O<\/h2>\n<p>Elon Musk no ha hecho m\u00e1s que bromear durante todo su mandato sobre los pasos que dar\u00e1 a continuaci\u00f3n. Sin ir m\u00e1s lejos, hace un par de d\u00edas tuite\u00f3 una imagen de su perro \u2018Floki\u2019, sentado en el trono de Twitter, anunciando ir\u00f3nicamente que ya hab\u00eda encontrado su sustituto. <strong>\u201cEl nuevo CEO de Twitter es asombroso\u201d<\/strong>, destac\u00f3, despu\u00e9s de realizar una reciente videoconferencia desde la <strong>Cumbre del Gobierno Mundial en Dub\u00e1i<\/strong>. Seg\u00fan informa Bloomberg, Musk argument\u00f3 que ser\u00eda probable encontrar a alguien m\u00e1s de cara a final de a\u00f1o para suplir sus tareas actuales.<\/p>\n<p><strong>\u201cNecesito estabilizar la organizaci\u00f3n y asegurarme de que est\u00e9 en un lugar financieramente saludable en el que la hoja de ruta del producto est\u00e9 claramente establecida. Hacia el final del a\u00f1o ser\u00eda un buen momento para encontrar a alguien m\u00e1s para dirigir la empresa. Creo que deber\u00eda estar en una posici\u00f3n estable a finales de este a\u00f1o\u201d<\/strong>, argument\u00f3 Musk. Sin embargo, todav\u00eda no ha ofrecido la persona indicada para asumir el papel de presidente de Twitter, aunque varias fuentes recogidas en Bloomberg indican que, desde hace unos meses, se ha estado buscando el candidato, pero no se ha establecido una persona concreta.<\/p>\n<p>Durante la entrevista por videoconferencia, Elon Musk tambi\u00e9n record\u00f3 que se mejorar\u00e1 la experiencia de Twitter introduciendo nuevas normas y mejoras, as\u00ed como evitar informaci\u00f3n err\u00f3nea y noticias falsas en la plataforma.<\/p>\n<h2>LOS POSIBLES CANDIDATOS<\/h2>\n<p>El medio internacional \u2018The Verge\u2019 ha elaborado una lista de los posibles candidatos, todos ellos referentes del mundo de las redes sociales, a liderar la c\u00fapula de Twitter cuando Elon Musk deje el cargo. \u00a0Por un lado, y la m\u00e1s probable candidata, se encuentra <strong>Sheryl Sandberg, exdirectora de operaciones de Meta<\/strong>, que hace un mes abandon\u00f3 el barco de Mark Zuckerberg en busca de nuevas oportunidades de trabajo, y Elon Musk no es muy partidario del uso de Facebook, por lo tanto, no ser\u00eda mala idea para el ricach\u00f3n darle un golpe bajo al cofundador de la red social azul.<\/p>\n<p>En segundo lugar, <strong>Emmett Shear, cofundador y director ejecutivo de Twitch<\/strong>, una gran postura para convertir Twitter en una plataforma de video para creadores. Tambi\u00e9n <strong>Vanessa Pappas, directora de operaciones de TikTok<\/strong>, tiene todas las papeletas de ser CEO de Twitter, y que podr\u00eda estar planeando la salida de su actual compa\u00f1\u00eda. Finalmente, <strong>Kevin Systrom, cofundador de Instagram<\/strong>, se postula como posible candidato por sus grandes conocimientos en redes sociales.<\/p>\n<p style=\"font-size: 70%;\">Fuente: Merca2<\/p>\n<p>&nbsp;<\/p>\n<p><a href=\"https:\/\/centro-cee.com\/web\/category\/noticias\/\">Atr\u00e1s<\/a><\/p>\n<hr \/>\n<p style=\"font-size: 70%;\"><em><strong>Elon Musk dejar\u00e1 la direcci\u00f3n Twitter<\/strong><\/em><\/p>\n","protected":false},"excerpt":{"rendered":"","protected":false},"author":2,"featured_media":1120,"comment_status":"closed","ping_status":"closed","sticky":false,"template":"","format":"standard","meta":{"footnotes":""},"categories":[1],"tags":[39,107,310,311,109],"class_list":["post-1119","post","type-post","status-publish","format-standard","has-post-thumbnail","hentry","category-noticias","tag-cee","tag-elon","tag-elon-musk","tag-redes-sociales","tag-twitter"],"yoast_head":"<!-- This site is optimized with the Yoast SEO plugin v27.5 - https:\/\/yoast.com\/product\/yoast-seo-wordpress\/ -->\n<title>Elon Musk dejar\u00e1 la direcci\u00f3n Twitter - Centro CEE<\/title>\n<meta name=\"description\" content=\"Elon Musk dejar\u00e1 la direcci\u00f3n Twitter - Centro CEE, \u00faltima noticia sobre el magnte y su gesti\u00f3n de twitter. Cambios a la vista!!!\" \/>\n<meta name=\"robots\" content=\"index, follow, max-snippet:-1, max-image-preview:large, max-video-preview:-1\" \/>\n<link rel=\"canonical\" href=\"https:\/\/centro-cee.com\/web\/elon-musk-dejara-la-direccion-twitter\/\" \/>\n<meta property=\"og:locale\" content=\"es_ES\" \/>\n<meta property=\"og:type\" content=\"article\" \/>\n<meta property=\"og:title\" content=\"Elon Musk dejar\u00e1 la direcci\u00f3n Twitter - Centro CEE\" \/>\n<meta property=\"og:description\" content=\"Elon Musk dejar\u00e1 la direcci\u00f3n Twitter - Centro CEE, \u00faltima noticia sobre el magnte y su gesti\u00f3n de twitter. Cambios a la vista!!!\" \/>\n<meta property=\"og:url\" content=\"https:\/\/centro-cee.com\/web\/elon-musk-dejara-la-direccion-twitter\/\" \/>\n<meta property=\"og:site_name\" content=\"CEE Centro Europeo E-learning - Cursos online\" \/>\n<meta property=\"article:published_time\" content=\"2023-02-17T08:06:40+00:00\" \/>\n<meta property=\"article:modified_time\" content=\"2023-02-17T11:07:41+00:00\" \/>\n<meta property=\"og:image\" content=\"https:\/\/centro-cee.com\/web\/wp-content\/uploads\/2023\/02\/twitter-e1676631989585.jpg\" \/>\n\t<meta property=\"og:image:width\" content=\"1200\" \/>\n\t<meta property=\"og:image:height\" content=\"282\" \/>\n\t<meta property=\"og:image:type\" content=\"image\/jpeg\" \/>\n<meta name=\"author\" content=\"Edici\u00f3n\" \/>\n<meta name=\"twitter:card\" content=\"summary_large_image\" \/>\n<meta name=\"twitter:label1\" content=\"Escrito por\" \/>\n\t<meta name=\"twitter:data1\" content=\"Edici\u00f3n\" \/>\n\t<meta name=\"twitter:label2\" content=\"Tiempo de lectura\" \/>\n\t<meta name=\"twitter:data2\" content=\"5 minutos\" \/>\n<script type=\"application\/ld+json\" class=\"yoast-schema-graph\">{\"@context\":\"https:\\\/\\\/schema.org\",\"@graph\":[{\"@type\":\"Article\",\"@id\":\"https:\\\/\\\/centro-cee.com\\\/web\\\/elon-musk-dejara-la-direccion-twitter\\\/#article\",\"isPartOf\":{\"@id\":\"https:\\\/\\\/centro-cee.com\\\/web\\\/elon-musk-dejara-la-direccion-twitter\\\/\"},\"author\":{\"name\":\"Edici\u00f3n\",\"@id\":\"https:\\\/\\\/centro-cee.com\\\/web\\\/#\\\/schema\\\/person\\\/24bfbcbf6dc0b6bfac34beca30e9d1d6\"},\"headline\":\"Elon Musk dejar\u00e1 la direcci\u00f3n Twitter\",\"datePublished\":\"2023-02-17T08:06:40+00:00\",\"dateModified\":\"2023-02-17T11:07:41+00:00\",\"mainEntityOfPage\":{\"@id\":\"https:\\\/\\\/centro-cee.com\\\/web\\\/elon-musk-dejara-la-direccion-twitter\\\/\"},\"wordCount\":1098,\"publisher\":{\"@id\":\"https:\\\/\\\/centro-cee.com\\\/web\\\/#organization\"},\"image\":{\"@id\":\"https:\\\/\\\/centro-cee.com\\\/web\\\/elon-musk-dejara-la-direccion-twitter\\\/#primaryimage\"},\"thumbnailUrl\":\"https:\\\/\\\/centro-cee.com\\\/web\\\/wp-content\\\/uploads\\\/2023\\\/02\\\/twitter-e1676631989585.jpg\",\"keywords\":[\"cee\",\"elon\",\"elon musk\",\"redes sociales\",\"twitter\"],\"articleSection\":[\"Noticias\"],\"inLanguage\":\"es\"},{\"@type\":\"WebPage\",\"@id\":\"https:\\\/\\\/centro-cee.com\\\/web\\\/elon-musk-dejara-la-direccion-twitter\\\/\",\"url\":\"https:\\\/\\\/centro-cee.com\\\/web\\\/elon-musk-dejara-la-direccion-twitter\\\/\",\"name\":\"Elon Musk dejar\u00e1 la direcci\u00f3n Twitter - Centro CEE\",\"isPartOf\":{\"@id\":\"https:\\\/\\\/centro-cee.com\\\/web\\\/#website\"},\"primaryImageOfPage\":{\"@id\":\"https:\\\/\\\/centro-cee.com\\\/web\\\/elon-musk-dejara-la-direccion-twitter\\\/#primaryimage\"},\"image\":{\"@id\":\"https:\\\/\\\/centro-cee.com\\\/web\\\/elon-musk-dejara-la-direccion-twitter\\\/#primaryimage\"},\"thumbnailUrl\":\"https:\\\/\\\/centro-cee.com\\\/web\\\/wp-content\\\/uploads\\\/2023\\\/02\\\/twitter-e1676631989585.jpg\",\"datePublished\":\"2023-02-17T08:06:40+00:00\",\"dateModified\":\"2023-02-17T11:07:41+00:00\",\"description\":\"Elon Musk dejar\u00e1 la direcci\u00f3n Twitter - Centro CEE, \u00faltima noticia sobre el magnte y su gesti\u00f3n de twitter. Cambios a la vista!!!\",\"breadcrumb\":{\"@id\":\"https:\\\/\\\/centro-cee.com\\\/web\\\/elon-musk-dejara-la-direccion-twitter\\\/#breadcrumb\"},\"inLanguage\":\"es\",\"potentialAction\":[{\"@type\":\"ReadAction\",\"target\":[\"https:\\\/\\\/centro-cee.com\\\/web\\\/elon-musk-dejara-la-direccion-twitter\\\/\"]}]},{\"@type\":\"ImageObject\",\"inLanguage\":\"es\",\"@id\":\"https:\\\/\\\/centro-cee.com\\\/web\\\/elon-musk-dejara-la-direccion-twitter\\\/#primaryimage\",\"url\":\"https:\\\/\\\/centro-cee.com\\\/web\\\/wp-content\\\/uploads\\\/2023\\\/02\\\/twitter-e1676631989585.jpg\",\"contentUrl\":\"https:\\\/\\\/centro-cee.com\\\/web\\\/wp-content\\\/uploads\\\/2023\\\/02\\\/twitter-e1676631989585.jpg\",\"width\":1200,\"height\":282,\"caption\":\"Elon - Centro CEE\"},{\"@type\":\"BreadcrumbList\",\"@id\":\"https:\\\/\\\/centro-cee.com\\\/web\\\/elon-musk-dejara-la-direccion-twitter\\\/#breadcrumb\",\"itemListElement\":[{\"@type\":\"ListItem\",\"position\":1,\"name\":\"Portada\",\"item\":\"https:\\\/\\\/centro-cee.com\\\/web\\\/\"},{\"@type\":\"ListItem\",\"position\":2,\"name\":\"Elon Musk dejar\u00e1 la direcci\u00f3n Twitter\"}]},{\"@type\":\"WebSite\",\"@id\":\"https:\\\/\\\/centro-cee.com\\\/web\\\/#website\",\"url\":\"https:\\\/\\\/centro-cee.com\\\/web\\\/\",\"name\":\"Centro Europeo E-learning\",\"description\":\"CEE Formaci\u00f3n Online\",\"publisher\":{\"@id\":\"https:\\\/\\\/centro-cee.com\\\/web\\\/#organization\"},\"alternateName\":\"Centro Online de Formaci\u00f3n\",\"potentialAction\":[{\"@type\":\"SearchAction\",\"target\":{\"@type\":\"EntryPoint\",\"urlTemplate\":\"https:\\\/\\\/centro-cee.com\\\/web\\\/?s={search_term_string}\"},\"query-input\":{\"@type\":\"PropertyValueSpecification\",\"valueRequired\":true,\"valueName\":\"search_term_string\"}}],\"inLanguage\":\"es\"},{\"@type\":\"Organization\",\"@id\":\"https:\\\/\\\/centro-cee.com\\\/web\\\/#organization\",\"name\":\"Centro Europeo E-learning CEE\",\"url\":\"https:\\\/\\\/centro-cee.com\\\/web\\\/\",\"logo\":{\"@type\":\"ImageObject\",\"inLanguage\":\"es\",\"@id\":\"https:\\\/\\\/centro-cee.com\\\/web\\\/#\\\/schema\\\/logo\\\/image\\\/\",\"url\":\"https:\\\/\\\/centro-cee.com\\\/web\\\/wp-content\\\/uploads\\\/2022\\\/12\\\/cropped-logo_educa.png\",\"contentUrl\":\"https:\\\/\\\/centro-cee.com\\\/web\\\/wp-content\\\/uploads\\\/2022\\\/12\\\/cropped-logo_educa.png\",\"width\":157,\"height\":63,\"caption\":\"Centro Europeo E-learning CEE\"},\"image\":{\"@id\":\"https:\\\/\\\/centro-cee.com\\\/web\\\/#\\\/schema\\\/logo\\\/image\\\/\"},\"sameAs\":[\"https:\\\/\\\/www.instagram.com\\\/centroeuropeo_cee\"]},{\"@type\":\"Person\",\"@id\":\"https:\\\/\\\/centro-cee.com\\\/web\\\/#\\\/schema\\\/person\\\/24bfbcbf6dc0b6bfac34beca30e9d1d6\",\"name\":\"Edici\u00f3n\",\"image\":{\"@type\":\"ImageObject\",\"inLanguage\":\"es\",\"@id\":\"https:\\\/\\\/secure.gravatar.com\\\/avatar\\\/0a624005c10688edf13034d7c3734e8b9f3bf7083d2ca657e150b27a6bb4ba18?s=96&d=mm&r=g\",\"url\":\"https:\\\/\\\/secure.gravatar.com\\\/avatar\\\/0a624005c10688edf13034d7c3734e8b9f3bf7083d2ca657e150b27a6bb4ba18?s=96&d=mm&r=g\",\"contentUrl\":\"https:\\\/\\\/secure.gravatar.com\\\/avatar\\\/0a624005c10688edf13034d7c3734e8b9f3bf7083d2ca657e150b27a6bb4ba18?s=96&d=mm&r=g\",\"caption\":\"Edici\u00f3n\"},\"url\":\"https:\\\/\\\/centro-cee.com\\\/web\\\/author\\\/edicion\\\/\"}]}<\/script>\n<!-- \/ Yoast SEO plugin. -->","yoast_head_json":{"title":"Elon Musk dejar\u00e1 la direcci\u00f3n Twitter - Centro CEE","description":"Elon Musk dejar\u00e1 la direcci\u00f3n Twitter - Centro CEE, \u00faltima noticia sobre el magnte y su gesti\u00f3n de twitter. Cambios a la vista!!!","robots":{"index":"index","follow":"follow","max-snippet":"max-snippet:-1","max-image-preview":"max-image-preview:large","max-video-preview":"max-video-preview:-1"},"canonical":"https:\/\/centro-cee.com\/web\/elon-musk-dejara-la-direccion-twitter\/","og_locale":"es_ES","og_type":"article","og_title":"Elon Musk dejar\u00e1 la direcci\u00f3n Twitter - Centro CEE","og_description":"Elon Musk dejar\u00e1 la direcci\u00f3n Twitter - Centro CEE, \u00faltima noticia sobre el magnte y su gesti\u00f3n de twitter. Cambios a la vista!!!","og_url":"https:\/\/centro-cee.com\/web\/elon-musk-dejara-la-direccion-twitter\/","og_site_name":"CEE Centro Europeo E-learning - Cursos online","article_published_time":"2023-02-17T08:06:40+00:00","article_modified_time":"2023-02-17T11:07:41+00:00","og_image":[{"width":1200,"height":282,"url":"https:\/\/centro-cee.com\/web\/wp-content\/uploads\/2023\/02\/twitter-e1676631989585.jpg","type":"image\/jpeg"}],"author":"Edici\u00f3n","twitter_card":"summary_large_image","twitter_misc":{"Escrito por":"Edici\u00f3n","Tiempo de lectura":"5 minutos"},"schema":{"@context":"https:\/\/schema.org","@graph":[{"@type":"Article","@id":"https:\/\/centro-cee.com\/web\/elon-musk-dejara-la-direccion-twitter\/#article","isPartOf":{"@id":"https:\/\/centro-cee.com\/web\/elon-musk-dejara-la-direccion-twitter\/"},"author":{"name":"Edici\u00f3n","@id":"https:\/\/centro-cee.com\/web\/#\/schema\/person\/24bfbcbf6dc0b6bfac34beca30e9d1d6"},"headline":"Elon Musk dejar\u00e1 la direcci\u00f3n Twitter","datePublished":"2023-02-17T08:06:40+00:00","dateModified":"2023-02-17T11:07:41+00:00","mainEntityOfPage":{"@id":"https:\/\/centro-cee.com\/web\/elon-musk-dejara-la-direccion-twitter\/"},"wordCount":1098,"publisher":{"@id":"https:\/\/centro-cee.com\/web\/#organization"},"image":{"@id":"https:\/\/centro-cee.com\/web\/elon-musk-dejara-la-direccion-twitter\/#primaryimage"},"thumbnailUrl":"https:\/\/centro-cee.com\/web\/wp-content\/uploads\/2023\/02\/twitter-e1676631989585.jpg","keywords":["cee","elon","elon musk","redes sociales","twitter"],"articleSection":["Noticias"],"inLanguage":"es"},{"@type":"WebPage","@id":"https:\/\/centro-cee.com\/web\/elon-musk-dejara-la-direccion-twitter\/","url":"https:\/\/centro-cee.com\/web\/elon-musk-dejara-la-direccion-twitter\/","name":"Elon Musk dejar\u00e1 la direcci\u00f3n Twitter - Centro CEE","isPartOf":{"@id":"https:\/\/centro-cee.com\/web\/#website"},"primaryImageOfPage":{"@id":"https:\/\/centro-cee.com\/web\/elon-musk-dejara-la-direccion-twitter\/#primaryimage"},"image":{"@id":"https:\/\/centro-cee.com\/web\/elon-musk-dejara-la-direccion-twitter\/#primaryimage"},"thumbnailUrl":"https:\/\/centro-cee.com\/web\/wp-content\/uploads\/2023\/02\/twitter-e1676631989585.jpg","datePublished":"2023-02-17T08:06:40+00:00","dateModified":"2023-02-17T11:07:41+00:00","description":"Elon Musk dejar\u00e1 la direcci\u00f3n Twitter - Centro CEE, \u00faltima noticia sobre el magnte y su gesti\u00f3n de twitter. Cambios a la vista!!!","breadcrumb":{"@id":"https:\/\/centro-cee.com\/web\/elon-musk-dejara-la-direccion-twitter\/#breadcrumb"},"inLanguage":"es","potentialAction":[{"@type":"ReadAction","target":["https:\/\/centro-cee.com\/web\/elon-musk-dejara-la-direccion-twitter\/"]}]},{"@type":"ImageObject","inLanguage":"es","@id":"https:\/\/centro-cee.com\/web\/elon-musk-dejara-la-direccion-twitter\/#primaryimage","url":"https:\/\/centro-cee.com\/web\/wp-content\/uploads\/2023\/02\/twitter-e1676631989585.jpg","contentUrl":"https:\/\/centro-cee.com\/web\/wp-content\/uploads\/2023\/02\/twitter-e1676631989585.jpg","width":1200,"height":282,"caption":"Elon - Centro CEE"},{"@type":"BreadcrumbList","@id":"https:\/\/centro-cee.com\/web\/elon-musk-dejara-la-direccion-twitter\/#breadcrumb","itemListElement":[{"@type":"ListItem","position":1,"name":"Portada","item":"https:\/\/centro-cee.com\/web\/"},{"@type":"ListItem","position":2,"name":"Elon Musk dejar\u00e1 la direcci\u00f3n Twitter"}]},{"@type":"WebSite","@id":"https:\/\/centro-cee.com\/web\/#website","url":"https:\/\/centro-cee.com\/web\/","name":"Centro Europeo E-learning","description":"CEE Formaci\u00f3n Online","publisher":{"@id":"https:\/\/centro-cee.com\/web\/#organization"},"alternateName":"Centro Online de Formaci\u00f3n","potentialAction":[{"@type":"SearchAction","target":{"@type":"EntryPoint","urlTemplate":"https:\/\/centro-cee.com\/web\/?s={search_term_string}"},"query-input":{"@type":"PropertyValueSpecification","valueRequired":true,"valueName":"search_term_string"}}],"inLanguage":"es"},{"@type":"Organization","@id":"https:\/\/centro-cee.com\/web\/#organization","name":"Centro Europeo E-learning CEE","url":"https:\/\/centro-cee.com\/web\/","logo":{"@type":"ImageObject","inLanguage":"es","@id":"https:\/\/centro-cee.com\/web\/#\/schema\/logo\/image\/","url":"https:\/\/centro-cee.com\/web\/wp-content\/uploads\/2022\/12\/cropped-logo_educa.png","contentUrl":"https:\/\/centro-cee.com\/web\/wp-content\/uploads\/2022\/12\/cropped-logo_educa.png","width":157,"height":63,"caption":"Centro Europeo E-learning CEE"},"image":{"@id":"https:\/\/centro-cee.com\/web\/#\/schema\/logo\/image\/"},"sameAs":["https:\/\/www.instagram.com\/centroeuropeo_cee"]},{"@type":"Person","@id":"https:\/\/centro-cee.com\/web\/#\/schema\/person\/24bfbcbf6dc0b6bfac34beca30e9d1d6","name":"Edici\u00f3n","image":{"@type":"ImageObject","inLanguage":"es","@id":"https:\/\/secure.gravatar.com\/avatar\/0a624005c10688edf13034d7c3734e8b9f3bf7083d2ca657e150b27a6bb4ba18?s=96&d=mm&r=g","url":"https:\/\/secure.gravatar.com\/avatar\/0a624005c10688edf13034d7c3734e8b9f3bf7083d2ca657e150b27a6bb4ba18?s=96&d=mm&r=g","contentUrl":"https:\/\/secure.gravatar.com\/avatar\/0a624005c10688edf13034d7c3734e8b9f3bf7083d2ca657e150b27a6bb4ba18?s=96&d=mm&r=g","caption":"Edici\u00f3n"},"url":"https:\/\/centro-cee.com\/web\/author\/edicion\/"}]}},"_links":{"self":[{"href":"https:\/\/centro-cee.com\/web\/wp-json\/wp\/v2\/posts\/1119","targetHints":{"allow":["GET"]}}],"collection":[{"href":"https:\/\/centro-cee.com\/web\/wp-json\/wp\/v2\/posts"}],"about":[{"href":"https:\/\/centro-cee.com\/web\/wp-json\/wp\/v2\/types\/post"}],"author":[{"embeddable":true,"href":"https:\/\/centro-cee.com\/web\/wp-json\/wp\/v2\/users\/2"}],"replies":[{"embeddable":true,"href":"https:\/\/centro-cee.com\/web\/wp-json\/wp\/v2\/comments?post=1119"}],"version-history":[{"count":1,"href":"https:\/\/centro-cee.com\/web\/wp-json\/wp\/v2\/posts\/1119\/revisions"}],"predecessor-version":[{"id":1121,"href":"https:\/\/centro-cee.com\/web\/wp-json\/wp\/v2\/posts\/1119\/revisions\/1121"}],"wp:featuredmedia":[{"embeddable":true,"href":"https:\/\/centro-cee.com\/web\/wp-json\/wp\/v2\/media\/1120"}],"wp:attachment":[{"href":"https:\/\/centro-cee.com\/web\/wp-json\/wp\/v2\/media?parent=1119"}],"wp:term":[{"taxonomy":"category","embeddable":true,"href":"https:\/\/centro-cee.com\/web\/wp-json\/wp\/v2\/categories?post=1119"},{"taxonomy":"post_tag","embeddable":true,"href":"https:\/\/centro-cee.com\/web\/wp-json\/wp\/v2\/tags?post=1119"}],"curies":[{"name":"wp","href":"https:\/\/api.w.org\/{rel}","templated":true}]}}