{"id":1064,"date":"2023-02-08T10:47:35","date_gmt":"2023-02-08T10:47:35","guid":{"rendered":"https:\/\/centro-cee.com\/web\/?p=1064"},"modified":"2023-02-08T17:48:22","modified_gmt":"2023-02-08T17:48:22","slug":"dell-despide-a-6650-trabajadores","status":"publish","type":"post","link":"https:\/\/centro-cee.com\/web\/dell-despide-a-6650-trabajadores\/","title":{"rendered":"Dell despide a 6650 trabajadores"},"content":{"rendered":"<p><!--more--><\/p>\n<p><em><strong>Dell despide a 6650 trabajadores<\/strong><\/em><\/p>\n<p>El mundo de la tecnolog\u00eda est\u00e1 viviendo un periodo agitado debido a los cambios estructurales que se est\u00e1n produciendo en las empresas m\u00e1s grandes del sector. En este caso, <strong>Dell <\/strong>ha sido la \u00faltima tecnol\u00f3gica en anunciar <strong>despidos<\/strong>. Concretamente, la fabricante de hardware y software protagonizar\u00e1 la <strong>eliminaci\u00f3n de<\/strong> <strong>6650 puestos de trabajo<\/strong>, seg\u00fan ha publicado recientemente <strong>Bloomberg<\/strong>. La ca\u00edda de la demanda de ordenadores parece ser la causa m\u00e1s precisa a estos despidos, pero lo cierto es que Dell lleva encadenando, durante los \u00faltimos a\u00f1os, ca\u00eddas de sus beneficios y en el valor de sus acciones.<\/p>\n<h2>DELL ARRUINA SU REPUTACI\u00d3N<\/h2>\n<p>Dell se ha encontrado en una encrucijada en la que no ha tenido m\u00e1s remedio que resolverla mediante la t\u00e9cnica m\u00e1s recurrida durante los \u00faltimos meses en el panorama tecnol\u00f3gico: el despido. En este caso, seg\u00fan ha destacado el codirector de operaciones, <strong>Jeff Clarke<\/strong>, en un memorando a partir del cual se ha hecho eco Bloomberg, la multinacional estadounidense suprimir\u00e1 el<strong> 5%<\/strong> de su plantilla equivalente a unos 6650 puestos de trabajo, debido a la ca\u00edda en picado de la venta de ordenadores en un contexto en el que est\u00e1 experimentando condiciones de mercado que <strong>\u00abcontin\u00faan erosion\u00e1ndose con un futuro incierto\u00bb<\/strong>.<\/p>\n<p>Asimismo, la empresa dirigida por <strong>Michael S. Dell<\/strong> contar\u00e1 con el n\u00famero de empleados m\u00e1s reducido desde 2017, posicion\u00e1ndose en la actualidad con algo <strong>m\u00e1s de 126.000 trabajadores<\/strong>. Sin embargo, seg\u00fan el gr\u00e1fico de Bloomberg, durante 2020 se obtuvo un alto crecimiento de contratos de trabajo gracias al volumen de productividad que cosecharon las tecnol\u00f3gicas durante la pandemia, tras el auge del teletrabajo. En esta ocasi\u00f3n, se visualizaron picos de hasta <strong>165.000 empleados<\/strong>, por lo tanto, Dell ha perdido alrededor de 39.000 empleos desde 2020.<\/p>\n<blockquote class=\"wp-block-quote\"><p>Dell es el tercer fabricante mundial de ordenadores por detr\u00e1s de Lenovo y HP<\/p><\/blockquote>\n<p>No obstante, al finalizar los meses cr\u00edticos del Covid-19, el valor de las acciones de Dell disminuy\u00f3 dr\u00e1sticamente hasta un<strong> 3.3%<\/strong> en la bolsa de Nueva York. Entre las principales empresas, Dell fue la que experiment\u00f3 una mayor reducci\u00f3n de sus beneficios: un <strong>37%<\/strong> menos en relaci\u00f3n al mismo periodo de 2021. Cabe destacar que la tecnol\u00f3gica genera alrededor del <strong>55%<\/strong> de sus ingresos en la fabricaci\u00f3n de PC.<\/p>\n<h2>LAS VENTAS DE DELL<\/h2>\n<p>A la espera de los resultados oficiales de 2022, que se dar\u00e1n a conocer el 2 de marzo, los analistas estiman unas ventas de Dell en torno a <strong>10,8 millones<\/strong> de ordenadores a nivel global, por detr\u00e1s de otras marcas de renombre, como <strong><a href=\"https:\/\/www.lenovo.com\/es\/es\/\" target=\"_blank\" rel=\"noreferrer noopener\" data-type=\"URL\" data-id=\"https:\/\/www.que.es\/2022\/04\/04\/lenovo-contratara-profesionales-actividades-id\/\">Lenovo<\/a>, HP y Apple<\/strong>. Por consiguiente, se report\u00f3 una ca\u00edda del <strong>6%<\/strong> hasta octubre del 2022, argumentando que los clientes estaban aminorando sus compras tecnol\u00f3gicas. \u00abHemos navegado por recesiones econ\u00f3micas antes y hemos salido fortalecidos. Estaremos listos cuando el mercado se recupere\u00bb, subray\u00f3 Clarke en su comunicado a los empleados.<\/p>\n<h2>\u00bfUNA MARCA FIABLE?<\/h2>\n<p>Seg\u00fan los analistas, Dell siempre se ha caracterizado por crear ordenadores econ\u00f3micos que integran las \u00faltimas especificaciones del mercado inform\u00e1tico, consider\u00e1ndose el<strong> tercer fabricante mundial de ordenadores,<\/strong> <strong>por detr\u00e1s de Lenovo y HP<\/strong>. Tambi\u00e9n destaca por poseer una gran robustez, compuesto por materiales de alta calidad y fidelidad, aunque una de sus desventajas es que las piezas de las que est\u00e1 compuestas sus m\u00e1quinas son pesadas. Los expertos garantizan que Dell siempre se ha situado en el bando profesional de las compa\u00f1\u00edas inform\u00e1ticas.<\/p>\n<h2>UN SECTOR EN LLAMAS<\/h2>\n<p>El universo tecnol\u00f3gico est\u00e1 viviendo una crisis de despidos a escala mundial que est\u00e1 haciendo saltar las alarmas. La <strong>contrataci\u00f3n masiva<\/strong> de personal durante la <strong>pandemia<\/strong>, la <strong>subida de tipos de inter\u00e9s<\/strong> y <strong>escasa venta<\/strong> de art\u00edculos se han convertido en los principales condicionantes de las continuas salidas de los trabajadores. A parte de <strong><a href=\"https:\/\/www.merca2.es\/2023\/01\/30\/amazon-razones-despidos-1211685\/\" target=\"_blank\" rel=\"noreferrer noopener\" data-type=\"URL\" data-id=\"https:\/\/www.merca2.es\/2023\/01\/30\/amazon-razones-despidos-1211685\/\">Amazon, Google, Microsoft o Meta<\/a><\/strong>, que fueron los gigantes tecnol\u00f3gicos con mayor n\u00famero de despidos, otras desarrolladoras inform\u00e1ticas que compiten con Dell han presentado tambi\u00e9n sus ajustes de plantilla.<\/p>\n<p>Por un lado, HP divulg\u00f3 en noviembre el despido de 6.000 trabajadores. Pero otras empresas como Cisco Systems e\u00a0International Business Machines Corp. destacaron la exclusi\u00f3n de 4.000 empleados. As\u00ed, hasta sumar un total de 97.171 recortes de empleos durante el pasado ejercicio, lo que supone un aumento del 649%. Por ello, en general, se ha notado una demanda acuciada, no solo en Dell, si no en todas las fabricantes de ordenadores y port\u00e1tiles. Seg\u00fan Canalys, en 2022 se vendieron 285 millones de unidades, representando un 16% con respecto al a\u00f1o predecesor.<\/p>\n<p style=\"font-size: 70%;\">Fuente: Merca2<\/p>\n<p>&nbsp;<\/p>\n<p><a href=\"https:\/\/centro-cee.com\/web\/category\/noticias\/\">Atr\u00e1s<\/a><\/p>\n<hr \/>\n<p style=\"font-size: 70%;\"><em>Dell despide a 6650 trabajadores<\/em><\/p>\n","protected":false},"excerpt":{"rendered":"","protected":false},"author":2,"featured_media":1065,"comment_status":"closed","ping_status":"closed","sticky":false,"template":"","format":"standard","meta":{"footnotes":""},"categories":[1],"tags":[39,227,223,164,225,224,226],"class_list":["post-1064","post","type-post","status-publish","format-standard","has-post-thumbnail","hentry","category-noticias","tag-cee","tag-crisis","tag-dell","tag-despidos","tag-ordenadores","tag-tecnologia","tag-venta"],"yoast_head":"<!-- This site is optimized with the Yoast SEO plugin v27.5 - https:\/\/yoast.com\/product\/yoast-seo-wordpress\/ -->\n<title>Dell despide a 6650 trabajadores - Centro CEE<\/title>\n<meta name=\"description\" content=\"Dell despide a 6650 trabajadores - Centro CEE, visita nuestro blog, las \u00faltimas noticias en tecnolog\u00eda de tu inter\u00e9s.\" \/>\n<meta name=\"robots\" content=\"index, follow, max-snippet:-1, max-image-preview:large, max-video-preview:-1\" \/>\n<link rel=\"canonical\" href=\"https:\/\/centro-cee.com\/web\/dell-despide-a-6650-trabajadores\/\" \/>\n<meta property=\"og:locale\" content=\"es_ES\" \/>\n<meta property=\"og:type\" content=\"article\" \/>\n<meta property=\"og:title\" content=\"Dell despide a 6650 trabajadores - Centro CEE\" \/>\n<meta property=\"og:description\" content=\"Dell despide a 6650 trabajadores - Centro CEE, visita nuestro blog, las \u00faltimas noticias en tecnolog\u00eda de tu inter\u00e9s.\" \/>\n<meta property=\"og:url\" content=\"https:\/\/centro-cee.com\/web\/dell-despide-a-6650-trabajadores\/\" \/>\n<meta property=\"og:site_name\" content=\"CEE Centro Europeo E-learning - Cursos online\" \/>\n<meta property=\"article:published_time\" content=\"2023-02-08T10:47:35+00:00\" \/>\n<meta property=\"article:modified_time\" content=\"2023-02-08T17:48:22+00:00\" \/>\n<meta property=\"og:image\" content=\"https:\/\/centro-cee.com\/web\/wp-content\/uploads\/2023\/02\/dell.png\" \/>\n\t<meta property=\"og:image:width\" content=\"1200\" \/>\n\t<meta property=\"og:image:height\" content=\"364\" \/>\n\t<meta property=\"og:image:type\" content=\"image\/png\" \/>\n<meta name=\"author\" content=\"Edici\u00f3n\" \/>\n<meta name=\"twitter:card\" content=\"summary_large_image\" \/>\n<meta name=\"twitter:label1\" content=\"Escrito por\" \/>\n\t<meta name=\"twitter:data1\" content=\"Edici\u00f3n\" \/>\n\t<meta name=\"twitter:label2\" content=\"Tiempo de lectura\" \/>\n\t<meta name=\"twitter:data2\" content=\"4 minutos\" \/>\n<script type=\"application\/ld+json\" class=\"yoast-schema-graph\">{\"@context\":\"https:\\\/\\\/schema.org\",\"@graph\":[{\"@type\":\"Article\",\"@id\":\"https:\\\/\\\/centro-cee.com\\\/web\\\/dell-despide-a-6650-trabajadores\\\/#article\",\"isPartOf\":{\"@id\":\"https:\\\/\\\/centro-cee.com\\\/web\\\/dell-despide-a-6650-trabajadores\\\/\"},\"author\":{\"name\":\"Edici\u00f3n\",\"@id\":\"https:\\\/\\\/centro-cee.com\\\/web\\\/#\\\/schema\\\/person\\\/24bfbcbf6dc0b6bfac34beca30e9d1d6\"},\"headline\":\"Dell despide a 6650 trabajadores\",\"datePublished\":\"2023-02-08T10:47:35+00:00\",\"dateModified\":\"2023-02-08T17:48:22+00:00\",\"mainEntityOfPage\":{\"@id\":\"https:\\\/\\\/centro-cee.com\\\/web\\\/dell-despide-a-6650-trabajadores\\\/\"},\"wordCount\":784,\"publisher\":{\"@id\":\"https:\\\/\\\/centro-cee.com\\\/web\\\/#organization\"},\"image\":{\"@id\":\"https:\\\/\\\/centro-cee.com\\\/web\\\/dell-despide-a-6650-trabajadores\\\/#primaryimage\"},\"thumbnailUrl\":\"https:\\\/\\\/centro-cee.com\\\/web\\\/wp-content\\\/uploads\\\/2023\\\/02\\\/dell.png\",\"keywords\":[\"cee\",\"crisis\",\"dell\",\"despidos\",\"ordenadores\",\"tecnolog\u00eda\",\"venta\"],\"articleSection\":[\"Noticias\"],\"inLanguage\":\"es\"},{\"@type\":\"WebPage\",\"@id\":\"https:\\\/\\\/centro-cee.com\\\/web\\\/dell-despide-a-6650-trabajadores\\\/\",\"url\":\"https:\\\/\\\/centro-cee.com\\\/web\\\/dell-despide-a-6650-trabajadores\\\/\",\"name\":\"Dell despide a 6650 trabajadores - Centro CEE\",\"isPartOf\":{\"@id\":\"https:\\\/\\\/centro-cee.com\\\/web\\\/#website\"},\"primaryImageOfPage\":{\"@id\":\"https:\\\/\\\/centro-cee.com\\\/web\\\/dell-despide-a-6650-trabajadores\\\/#primaryimage\"},\"image\":{\"@id\":\"https:\\\/\\\/centro-cee.com\\\/web\\\/dell-despide-a-6650-trabajadores\\\/#primaryimage\"},\"thumbnailUrl\":\"https:\\\/\\\/centro-cee.com\\\/web\\\/wp-content\\\/uploads\\\/2023\\\/02\\\/dell.png\",\"datePublished\":\"2023-02-08T10:47:35+00:00\",\"dateModified\":\"2023-02-08T17:48:22+00:00\",\"description\":\"Dell despide a 6650 trabajadores - Centro CEE, visita nuestro blog, las \u00faltimas noticias en tecnolog\u00eda de tu inter\u00e9s.\",\"breadcrumb\":{\"@id\":\"https:\\\/\\\/centro-cee.com\\\/web\\\/dell-despide-a-6650-trabajadores\\\/#breadcrumb\"},\"inLanguage\":\"es\",\"potentialAction\":[{\"@type\":\"ReadAction\",\"target\":[\"https:\\\/\\\/centro-cee.com\\\/web\\\/dell-despide-a-6650-trabajadores\\\/\"]}]},{\"@type\":\"ImageObject\",\"inLanguage\":\"es\",\"@id\":\"https:\\\/\\\/centro-cee.com\\\/web\\\/dell-despide-a-6650-trabajadores\\\/#primaryimage\",\"url\":\"https:\\\/\\\/centro-cee.com\\\/web\\\/wp-content\\\/uploads\\\/2023\\\/02\\\/dell.png\",\"contentUrl\":\"https:\\\/\\\/centro-cee.com\\\/web\\\/wp-content\\\/uploads\\\/2023\\\/02\\\/dell.png\",\"width\":1200,\"height\":364,\"caption\":\"Dell - Centro CEE\"},{\"@type\":\"BreadcrumbList\",\"@id\":\"https:\\\/\\\/centro-cee.com\\\/web\\\/dell-despide-a-6650-trabajadores\\\/#breadcrumb\",\"itemListElement\":[{\"@type\":\"ListItem\",\"position\":1,\"name\":\"Portada\",\"item\":\"https:\\\/\\\/centro-cee.com\\\/web\\\/\"},{\"@type\":\"ListItem\",\"position\":2,\"name\":\"Dell despide a 6650 trabajadores\"}]},{\"@type\":\"WebSite\",\"@id\":\"https:\\\/\\\/centro-cee.com\\\/web\\\/#website\",\"url\":\"https:\\\/\\\/centro-cee.com\\\/web\\\/\",\"name\":\"Centro Europeo E-learning\",\"description\":\"CEE Formaci\u00f3n Online\",\"publisher\":{\"@id\":\"https:\\\/\\\/centro-cee.com\\\/web\\\/#organization\"},\"alternateName\":\"Centro Online de Formaci\u00f3n\",\"potentialAction\":[{\"@type\":\"SearchAction\",\"target\":{\"@type\":\"EntryPoint\",\"urlTemplate\":\"https:\\\/\\\/centro-cee.com\\\/web\\\/?s={search_term_string}\"},\"query-input\":{\"@type\":\"PropertyValueSpecification\",\"valueRequired\":true,\"valueName\":\"search_term_string\"}}],\"inLanguage\":\"es\"},{\"@type\":\"Organization\",\"@id\":\"https:\\\/\\\/centro-cee.com\\\/web\\\/#organization\",\"name\":\"Centro Europeo E-learning CEE\",\"url\":\"https:\\\/\\\/centro-cee.com\\\/web\\\/\",\"logo\":{\"@type\":\"ImageObject\",\"inLanguage\":\"es\",\"@id\":\"https:\\\/\\\/centro-cee.com\\\/web\\\/#\\\/schema\\\/logo\\\/image\\\/\",\"url\":\"https:\\\/\\\/centro-cee.com\\\/web\\\/wp-content\\\/uploads\\\/2022\\\/12\\\/cropped-logo_educa.png\",\"contentUrl\":\"https:\\\/\\\/centro-cee.com\\\/web\\\/wp-content\\\/uploads\\\/2022\\\/12\\\/cropped-logo_educa.png\",\"width\":157,\"height\":63,\"caption\":\"Centro Europeo E-learning CEE\"},\"image\":{\"@id\":\"https:\\\/\\\/centro-cee.com\\\/web\\\/#\\\/schema\\\/logo\\\/image\\\/\"},\"sameAs\":[\"https:\\\/\\\/www.instagram.com\\\/centroeuropeo_cee\"]},{\"@type\":\"Person\",\"@id\":\"https:\\\/\\\/centro-cee.com\\\/web\\\/#\\\/schema\\\/person\\\/24bfbcbf6dc0b6bfac34beca30e9d1d6\",\"name\":\"Edici\u00f3n\",\"image\":{\"@type\":\"ImageObject\",\"inLanguage\":\"es\",\"@id\":\"https:\\\/\\\/secure.gravatar.com\\\/avatar\\\/0a624005c10688edf13034d7c3734e8b9f3bf7083d2ca657e150b27a6bb4ba18?s=96&d=mm&r=g\",\"url\":\"https:\\\/\\\/secure.gravatar.com\\\/avatar\\\/0a624005c10688edf13034d7c3734e8b9f3bf7083d2ca657e150b27a6bb4ba18?s=96&d=mm&r=g\",\"contentUrl\":\"https:\\\/\\\/secure.gravatar.com\\\/avatar\\\/0a624005c10688edf13034d7c3734e8b9f3bf7083d2ca657e150b27a6bb4ba18?s=96&d=mm&r=g\",\"caption\":\"Edici\u00f3n\"},\"url\":\"https:\\\/\\\/centro-cee.com\\\/web\\\/author\\\/edicion\\\/\"}]}<\/script>\n<!-- \/ Yoast SEO plugin. -->","yoast_head_json":{"title":"Dell despide a 6650 trabajadores - Centro CEE","description":"Dell despide a 6650 trabajadores - Centro CEE, visita nuestro blog, las \u00faltimas noticias en tecnolog\u00eda de tu inter\u00e9s.","robots":{"index":"index","follow":"follow","max-snippet":"max-snippet:-1","max-image-preview":"max-image-preview:large","max-video-preview":"max-video-preview:-1"},"canonical":"https:\/\/centro-cee.com\/web\/dell-despide-a-6650-trabajadores\/","og_locale":"es_ES","og_type":"article","og_title":"Dell despide a 6650 trabajadores - Centro CEE","og_description":"Dell despide a 6650 trabajadores - Centro CEE, visita nuestro blog, las \u00faltimas noticias en tecnolog\u00eda de tu inter\u00e9s.","og_url":"https:\/\/centro-cee.com\/web\/dell-despide-a-6650-trabajadores\/","og_site_name":"CEE Centro Europeo E-learning - Cursos online","article_published_time":"2023-02-08T10:47:35+00:00","article_modified_time":"2023-02-08T17:48:22+00:00","og_image":[{"width":1200,"height":364,"url":"https:\/\/centro-cee.com\/web\/wp-content\/uploads\/2023\/02\/dell.png","type":"image\/png"}],"author":"Edici\u00f3n","twitter_card":"summary_large_image","twitter_misc":{"Escrito por":"Edici\u00f3n","Tiempo de lectura":"4 minutos"},"schema":{"@context":"https:\/\/schema.org","@graph":[{"@type":"Article","@id":"https:\/\/centro-cee.com\/web\/dell-despide-a-6650-trabajadores\/#article","isPartOf":{"@id":"https:\/\/centro-cee.com\/web\/dell-despide-a-6650-trabajadores\/"},"author":{"name":"Edici\u00f3n","@id":"https:\/\/centro-cee.com\/web\/#\/schema\/person\/24bfbcbf6dc0b6bfac34beca30e9d1d6"},"headline":"Dell despide a 6650 trabajadores","datePublished":"2023-02-08T10:47:35+00:00","dateModified":"2023-02-08T17:48:22+00:00","mainEntityOfPage":{"@id":"https:\/\/centro-cee.com\/web\/dell-despide-a-6650-trabajadores\/"},"wordCount":784,"publisher":{"@id":"https:\/\/centro-cee.com\/web\/#organization"},"image":{"@id":"https:\/\/centro-cee.com\/web\/dell-despide-a-6650-trabajadores\/#primaryimage"},"thumbnailUrl":"https:\/\/centro-cee.com\/web\/wp-content\/uploads\/2023\/02\/dell.png","keywords":["cee","crisis","dell","despidos","ordenadores","tecnolog\u00eda","venta"],"articleSection":["Noticias"],"inLanguage":"es"},{"@type":"WebPage","@id":"https:\/\/centro-cee.com\/web\/dell-despide-a-6650-trabajadores\/","url":"https:\/\/centro-cee.com\/web\/dell-despide-a-6650-trabajadores\/","name":"Dell despide a 6650 trabajadores - Centro CEE","isPartOf":{"@id":"https:\/\/centro-cee.com\/web\/#website"},"primaryImageOfPage":{"@id":"https:\/\/centro-cee.com\/web\/dell-despide-a-6650-trabajadores\/#primaryimage"},"image":{"@id":"https:\/\/centro-cee.com\/web\/dell-despide-a-6650-trabajadores\/#primaryimage"},"thumbnailUrl":"https:\/\/centro-cee.com\/web\/wp-content\/uploads\/2023\/02\/dell.png","datePublished":"2023-02-08T10:47:35+00:00","dateModified":"2023-02-08T17:48:22+00:00","description":"Dell despide a 6650 trabajadores - Centro CEE, visita nuestro blog, las \u00faltimas noticias en tecnolog\u00eda de tu inter\u00e9s.","breadcrumb":{"@id":"https:\/\/centro-cee.com\/web\/dell-despide-a-6650-trabajadores\/#breadcrumb"},"inLanguage":"es","potentialAction":[{"@type":"ReadAction","target":["https:\/\/centro-cee.com\/web\/dell-despide-a-6650-trabajadores\/"]}]},{"@type":"ImageObject","inLanguage":"es","@id":"https:\/\/centro-cee.com\/web\/dell-despide-a-6650-trabajadores\/#primaryimage","url":"https:\/\/centro-cee.com\/web\/wp-content\/uploads\/2023\/02\/dell.png","contentUrl":"https:\/\/centro-cee.com\/web\/wp-content\/uploads\/2023\/02\/dell.png","width":1200,"height":364,"caption":"Dell - Centro CEE"},{"@type":"BreadcrumbList","@id":"https:\/\/centro-cee.com\/web\/dell-despide-a-6650-trabajadores\/#breadcrumb","itemListElement":[{"@type":"ListItem","position":1,"name":"Portada","item":"https:\/\/centro-cee.com\/web\/"},{"@type":"ListItem","position":2,"name":"Dell despide a 6650 trabajadores"}]},{"@type":"WebSite","@id":"https:\/\/centro-cee.com\/web\/#website","url":"https:\/\/centro-cee.com\/web\/","name":"Centro Europeo E-learning","description":"CEE Formaci\u00f3n Online","publisher":{"@id":"https:\/\/centro-cee.com\/web\/#organization"},"alternateName":"Centro Online de Formaci\u00f3n","potentialAction":[{"@type":"SearchAction","target":{"@type":"EntryPoint","urlTemplate":"https:\/\/centro-cee.com\/web\/?s={search_term_string}"},"query-input":{"@type":"PropertyValueSpecification","valueRequired":true,"valueName":"search_term_string"}}],"inLanguage":"es"},{"@type":"Organization","@id":"https:\/\/centro-cee.com\/web\/#organization","name":"Centro Europeo E-learning CEE","url":"https:\/\/centro-cee.com\/web\/","logo":{"@type":"ImageObject","inLanguage":"es","@id":"https:\/\/centro-cee.com\/web\/#\/schema\/logo\/image\/","url":"https:\/\/centro-cee.com\/web\/wp-content\/uploads\/2022\/12\/cropped-logo_educa.png","contentUrl":"https:\/\/centro-cee.com\/web\/wp-content\/uploads\/2022\/12\/cropped-logo_educa.png","width":157,"height":63,"caption":"Centro Europeo E-learning CEE"},"image":{"@id":"https:\/\/centro-cee.com\/web\/#\/schema\/logo\/image\/"},"sameAs":["https:\/\/www.instagram.com\/centroeuropeo_cee"]},{"@type":"Person","@id":"https:\/\/centro-cee.com\/web\/#\/schema\/person\/24bfbcbf6dc0b6bfac34beca30e9d1d6","name":"Edici\u00f3n","image":{"@type":"ImageObject","inLanguage":"es","@id":"https:\/\/secure.gravatar.com\/avatar\/0a624005c10688edf13034d7c3734e8b9f3bf7083d2ca657e150b27a6bb4ba18?s=96&d=mm&r=g","url":"https:\/\/secure.gravatar.com\/avatar\/0a624005c10688edf13034d7c3734e8b9f3bf7083d2ca657e150b27a6bb4ba18?s=96&d=mm&r=g","contentUrl":"https:\/\/secure.gravatar.com\/avatar\/0a624005c10688edf13034d7c3734e8b9f3bf7083d2ca657e150b27a6bb4ba18?s=96&d=mm&r=g","caption":"Edici\u00f3n"},"url":"https:\/\/centro-cee.com\/web\/author\/edicion\/"}]}},"_links":{"self":[{"href":"https:\/\/centro-cee.com\/web\/wp-json\/wp\/v2\/posts\/1064","targetHints":{"allow":["GET"]}}],"collection":[{"href":"https:\/\/centro-cee.com\/web\/wp-json\/wp\/v2\/posts"}],"about":[{"href":"https:\/\/centro-cee.com\/web\/wp-json\/wp\/v2\/types\/post"}],"author":[{"embeddable":true,"href":"https:\/\/centro-cee.com\/web\/wp-json\/wp\/v2\/users\/2"}],"replies":[{"embeddable":true,"href":"https:\/\/centro-cee.com\/web\/wp-json\/wp\/v2\/comments?post=1064"}],"version-history":[{"count":1,"href":"https:\/\/centro-cee.com\/web\/wp-json\/wp\/v2\/posts\/1064\/revisions"}],"predecessor-version":[{"id":1066,"href":"https:\/\/centro-cee.com\/web\/wp-json\/wp\/v2\/posts\/1064\/revisions\/1066"}],"wp:featuredmedia":[{"embeddable":true,"href":"https:\/\/centro-cee.com\/web\/wp-json\/wp\/v2\/media\/1065"}],"wp:attachment":[{"href":"https:\/\/centro-cee.com\/web\/wp-json\/wp\/v2\/media?parent=1064"}],"wp:term":[{"taxonomy":"category","embeddable":true,"href":"https:\/\/centro-cee.com\/web\/wp-json\/wp\/v2\/categories?post=1064"},{"taxonomy":"post_tag","embeddable":true,"href":"https:\/\/centro-cee.com\/web\/wp-json\/wp\/v2\/tags?post=1064"}],"curies":[{"name":"wp","href":"https:\/\/api.w.org\/{rel}","templated":true}]}}