{"id":1027,"date":"2023-02-01T08:50:44","date_gmt":"2023-02-01T08:50:44","guid":{"rendered":"https:\/\/centro-cee.com\/web\/?p=1027"},"modified":"2023-02-01T11:53:26","modified_gmt":"2023-02-01T11:53:26","slug":"huelga-de-trabajadores-de-amazon","status":"publish","type":"post","link":"https:\/\/centro-cee.com\/web\/huelga-de-trabajadores-de-amazon\/","title":{"rendered":"Huelga de Trabajadores de Amazon"},"content":{"rendered":"<p><!--more--><\/p>\n<p style=\"font-size: 70%;\"><strong><em>Huelga de Trabajadores de Amazon<\/em><\/strong><\/p>\n<h2>EL DESPROP\u00d3SITO DE AMAZON EN MARTORELLES<\/h2>\n<p>Todos ellos<a href=\"https:\/\/amazon.es\" target=\"_blank\" rel=\"noopener\"> mostraron su rechazo a las propuestas <\/a>de la compa\u00f1\u00eda, m\u00e1s cuando se trata de un cierre encubierto. A su juicio, la posici\u00f3n de la compa\u00f1\u00eda es aut\u00e9ntico \u00abdesprop\u00f3sito\u00bb, m\u00e1s cuando la decisi\u00f3n conlleva la p\u00e9rdida de m\u00e1s 800 puestos de trabajo.<\/p>\n<p>La oferta inicial de<strong> Amazon pasaba por garantizar el puesto de trabajo<\/strong> en la apertura de la planta de La Muela (Zaragoza), un almac\u00e9n nuevo y a la espera de trabajadores. En su mensaje, el gigante del comercio electr\u00f3nico asegur\u00f3 que los empleados continuar\u00edan vinculados a la empresa, como tambi\u00e9n hizo para aquellos que escogieran la opci\u00f3n de Figueres (Girona).<\/p>\n<p>De esta forma, <strong>Amazon propone la mudanza a Zaragoza<\/strong>, a m\u00e1s de 300 kil\u00f3metros del centro de Martorelles, con el pago de 3.000 euros brutos para el transporte y la vivienda. Para aquellos que escojan Figueres, a m\u00e1s de 130 km de distancia, se les ha ofrecido un pago \u00fanico de 1.500 euros para cubrir el desplazamiento y la vivienda.<\/p>\n<p>Asimismo, Amazon no respetar\u00e1 la antig\u00fcedad de los trabajadores que opten por ir a Zaragoza, al firmar un nuevo contrato con una bajada de sueldo de unos 400 euros. En caso de no movilizarse a ninguna de las instalaciones, la<strong> compa\u00f1\u00eda tan s\u00f3lo aceptar\u00e1 las condiciones de la reforma laboral<\/strong>, es decir, 20 d\u00edas por a\u00f1o trabajado.<\/p>\n<h2>LOS ALQUILERES EN FIGUERES, INASUMIBLES CON EL PAGO DE AMAZON<\/h2>\n<p>En la localidad catalana, los alquileres no bajan de los 650 euros, por lo que en cualquier caso, el dinero ofrecido por Amazon no cubrir\u00eda la fianza requerida por los due\u00f1os e inmobiliarias. En este sentido, por un piso en la zona se llegan a exigir hasta el pago de tres n\u00f3minas, es decir, m\u00e1s de 1.800 euros, a los que habr\u00eda que sumar el seguro.<\/p>\n<p>La cantidad propuesta \u00abno cubre ninguna expectativa\u00bb, han sostenido fuentes de los trabajadores, que han votado alargar la huelga prevista inicialmente hasta el 17 de febrero. El paro comenzar\u00e1 este mismo mi\u00e9rcoles y no hay visos de que se llegue a un acuerdo en el corto plazo.<\/p>\n<blockquote class=\"wp-block-quote\"><p>Las compensaciones, sin embargo, son inferiores a las establecidas para las empresas de transporte de mercanc\u00edas por carretera<\/p><\/blockquote>\n<p>Sea cual fuera la opci\u00f3n, los empleados de Martorelles tendr\u00e1n que cambiar su residencia habitual si quieren continuar vinculados a la compa\u00f1\u00eda. Las compensaciones, sin embargo, son inferiores a las establecidas para las empresas de transporte de mercanc\u00edas por carretera. En concreto, la normativa establece al menos cuatro mensualidades.<\/p>\n<p>Ante esta movilizaci\u00f3n de los trabajadores, Amazon afirma respetar el derecho a huelga y trata de encontrar la \u00abmejor soluci\u00f3n posible\u00bb ante este paro sin precedentes en la zona de Barcelona. La plantilla exige recolocar a los empleados en otras zonas de Barcelona, como Mollet, una opci\u00f3n a la que Amazon no ha respondido.<\/p>\n<h2>AMAZON Y SU RECORTE DE PLANTILLA A NIVEL MUNDIAL<\/h2>\n<p>Estos recortes son parte del plan de despidos masivos en<strong> Amazon en todo el mundo<\/strong>. La compa\u00f1\u00eda comandada por Jeff Bezos anunci\u00f3 el mayor recorte de plantilla de su historia, con m\u00e1s de 18.000 empleados. La cifra se suma as\u00ed a las decenas de miles de personas que se quedar\u00e1n sin trabajo en las empresas tecnol\u00f3gicas, como <strong>Meta, Twitter o Glovo, entre otras<\/strong>.<\/p>\n<p>Amazon cuenta con una fuerza laboral de m\u00e1s de 1,5 millones de personas, pero este plan de ajuste es mayor del previsto inicialmente. La compa\u00f1\u00eda ha realizado un mayor recorte debido a la incertidumbre econ\u00f3mica, especialmente en EE UU, as\u00ed como por la contracci\u00f3n de la demanda derivada de la subida de los tipos de inter\u00e9s por parte de los bancos centrales. E<strong>sta agresividad de los organismos ha estrangulado el cr\u00e9dito<\/strong> y los hogares estadounidenses han reducido dr\u00e1sticamente su nivel de ahorros, como est\u00e1 ocurriendo en otros pa\u00edses.<\/p>\n<p style=\"font-size: 70%;\">Fuente: Merca2<\/p>\n<p>&nbsp;<\/p>\n<p><a href=\"https:\/\/centro-cee.com\/web\/category\/noticias\/\">Atr\u00e1s<\/a><\/p>\n<hr \/>\n<p style=\"font-size: 70%;\"><strong><em>Huelga de Trabajadores de Amazon<\/em><\/strong><\/p>\n","protected":false},"excerpt":{"rendered":"","protected":false},"author":2,"featured_media":489,"comment_status":"closed","ping_status":"closed","sticky":false,"template":"","format":"standard","meta":{"footnotes":""},"categories":[1],"tags":[162,39,164,163,166,167,165],"class_list":["post-1027","post","type-post","status-publish","format-standard","has-post-thumbnail","hentry","category-noticias","tag-amazon","tag-cee","tag-despidos","tag-huelga","tag-jeff-bezos","tag-martorelles","tag-paro"],"yoast_head":"<!-- This site is optimized with the Yoast SEO plugin v27.5 - https:\/\/yoast.com\/product\/yoast-seo-wordpress\/ -->\n<title>Huelga de Trabajadores de Amazon - CEE Centro Europeo E-learning - Cursos online<\/title>\n<meta name=\"description\" content=\"Huelga de Trabajadores de Amazon - Varapalo para los trabajadores de Amazon Espa\u00f1a en el centro de Martorelles. Noticias CEE\" \/>\n<meta name=\"robots\" content=\"index, follow, max-snippet:-1, max-image-preview:large, max-video-preview:-1\" \/>\n<link rel=\"canonical\" href=\"https:\/\/centro-cee.com\/web\/huelga-de-trabajadores-de-amazon\/\" \/>\n<meta property=\"og:locale\" content=\"es_ES\" \/>\n<meta property=\"og:type\" content=\"article\" \/>\n<meta property=\"og:title\" content=\"Huelga de Trabajadores de Amazon - CEE Centro Europeo E-learning - Cursos online\" \/>\n<meta property=\"og:description\" content=\"Huelga de Trabajadores de Amazon - Varapalo para los trabajadores de Amazon Espa\u00f1a en el centro de Martorelles. Noticias CEE\" \/>\n<meta property=\"og:url\" content=\"https:\/\/centro-cee.com\/web\/huelga-de-trabajadores-de-amazon\/\" \/>\n<meta property=\"og:site_name\" content=\"CEE Centro Europeo E-learning - Cursos online\" \/>\n<meta property=\"article:published_time\" content=\"2023-02-01T08:50:44+00:00\" \/>\n<meta property=\"article:modified_time\" content=\"2023-02-01T11:53:26+00:00\" \/>\n<meta property=\"og:image\" content=\"https:\/\/centro-cee.com\/web\/wp-content\/uploads\/2020\/06\/amazon-01-1-e1675252398933.jpg\" \/>\n\t<meta property=\"og:image:width\" content=\"900\" \/>\n\t<meta property=\"og:image:height\" content=\"252\" \/>\n\t<meta property=\"og:image:type\" content=\"image\/jpeg\" \/>\n<meta name=\"author\" content=\"Edici\u00f3n\" \/>\n<meta name=\"twitter:card\" content=\"summary_large_image\" \/>\n<meta name=\"twitter:label1\" content=\"Escrito por\" \/>\n\t<meta name=\"twitter:data1\" content=\"Edici\u00f3n\" \/>\n\t<meta name=\"twitter:label2\" content=\"Tiempo de lectura\" \/>\n\t<meta name=\"twitter:data2\" content=\"3 minutos\" \/>\n<script type=\"application\/ld+json\" class=\"yoast-schema-graph\">{\"@context\":\"https:\\\/\\\/schema.org\",\"@graph\":[{\"@type\":\"Article\",\"@id\":\"https:\\\/\\\/centro-cee.com\\\/web\\\/huelga-de-trabajadores-de-amazon\\\/#article\",\"isPartOf\":{\"@id\":\"https:\\\/\\\/centro-cee.com\\\/web\\\/huelga-de-trabajadores-de-amazon\\\/\"},\"author\":{\"name\":\"Edici\u00f3n\",\"@id\":\"https:\\\/\\\/centro-cee.com\\\/web\\\/#\\\/schema\\\/person\\\/24bfbcbf6dc0b6bfac34beca30e9d1d6\"},\"headline\":\"Huelga de Trabajadores de Amazon\",\"datePublished\":\"2023-02-01T08:50:44+00:00\",\"dateModified\":\"2023-02-01T11:53:26+00:00\",\"mainEntityOfPage\":{\"@id\":\"https:\\\/\\\/centro-cee.com\\\/web\\\/huelga-de-trabajadores-de-amazon\\\/\"},\"wordCount\":688,\"publisher\":{\"@id\":\"https:\\\/\\\/centro-cee.com\\\/web\\\/#organization\"},\"image\":{\"@id\":\"https:\\\/\\\/centro-cee.com\\\/web\\\/huelga-de-trabajadores-de-amazon\\\/#primaryimage\"},\"thumbnailUrl\":\"https:\\\/\\\/centro-cee.com\\\/web\\\/wp-content\\\/uploads\\\/2020\\\/06\\\/amazon-01-1-e1675252398933.jpg\",\"keywords\":[\"amazon\",\"cee\",\"despidos\",\"huelga\",\"jeff bezos\",\"martorelles\",\"paro\"],\"articleSection\":[\"Noticias\"],\"inLanguage\":\"es\"},{\"@type\":\"WebPage\",\"@id\":\"https:\\\/\\\/centro-cee.com\\\/web\\\/huelga-de-trabajadores-de-amazon\\\/\",\"url\":\"https:\\\/\\\/centro-cee.com\\\/web\\\/huelga-de-trabajadores-de-amazon\\\/\",\"name\":\"Huelga de Trabajadores de Amazon - CEE Centro Europeo E-learning - Cursos online\",\"isPartOf\":{\"@id\":\"https:\\\/\\\/centro-cee.com\\\/web\\\/#website\"},\"primaryImageOfPage\":{\"@id\":\"https:\\\/\\\/centro-cee.com\\\/web\\\/huelga-de-trabajadores-de-amazon\\\/#primaryimage\"},\"image\":{\"@id\":\"https:\\\/\\\/centro-cee.com\\\/web\\\/huelga-de-trabajadores-de-amazon\\\/#primaryimage\"},\"thumbnailUrl\":\"https:\\\/\\\/centro-cee.com\\\/web\\\/wp-content\\\/uploads\\\/2020\\\/06\\\/amazon-01-1-e1675252398933.jpg\",\"datePublished\":\"2023-02-01T08:50:44+00:00\",\"dateModified\":\"2023-02-01T11:53:26+00:00\",\"description\":\"Huelga de Trabajadores de Amazon - Varapalo para los trabajadores de Amazon Espa\u00f1a en el centro de Martorelles. Noticias CEE\",\"breadcrumb\":{\"@id\":\"https:\\\/\\\/centro-cee.com\\\/web\\\/huelga-de-trabajadores-de-amazon\\\/#breadcrumb\"},\"inLanguage\":\"es\",\"potentialAction\":[{\"@type\":\"ReadAction\",\"target\":[\"https:\\\/\\\/centro-cee.com\\\/web\\\/huelga-de-trabajadores-de-amazon\\\/\"]}]},{\"@type\":\"ImageObject\",\"inLanguage\":\"es\",\"@id\":\"https:\\\/\\\/centro-cee.com\\\/web\\\/huelga-de-trabajadores-de-amazon\\\/#primaryimage\",\"url\":\"https:\\\/\\\/centro-cee.com\\\/web\\\/wp-content\\\/uploads\\\/2020\\\/06\\\/amazon-01-1-e1675252398933.jpg\",\"contentUrl\":\"https:\\\/\\\/centro-cee.com\\\/web\\\/wp-content\\\/uploads\\\/2020\\\/06\\\/amazon-01-1-e1675252398933.jpg\",\"width\":900,\"height\":252,\"caption\":\"Amazon - Centro CEE\"},{\"@type\":\"BreadcrumbList\",\"@id\":\"https:\\\/\\\/centro-cee.com\\\/web\\\/huelga-de-trabajadores-de-amazon\\\/#breadcrumb\",\"itemListElement\":[{\"@type\":\"ListItem\",\"position\":1,\"name\":\"Portada\",\"item\":\"https:\\\/\\\/centro-cee.com\\\/web\\\/\"},{\"@type\":\"ListItem\",\"position\":2,\"name\":\"Huelga de Trabajadores de Amazon\"}]},{\"@type\":\"WebSite\",\"@id\":\"https:\\\/\\\/centro-cee.com\\\/web\\\/#website\",\"url\":\"https:\\\/\\\/centro-cee.com\\\/web\\\/\",\"name\":\"Centro Europeo E-learning\",\"description\":\"CEE Formaci\u00f3n Online\",\"publisher\":{\"@id\":\"https:\\\/\\\/centro-cee.com\\\/web\\\/#organization\"},\"alternateName\":\"Centro Online de Formaci\u00f3n\",\"potentialAction\":[{\"@type\":\"SearchAction\",\"target\":{\"@type\":\"EntryPoint\",\"urlTemplate\":\"https:\\\/\\\/centro-cee.com\\\/web\\\/?s={search_term_string}\"},\"query-input\":{\"@type\":\"PropertyValueSpecification\",\"valueRequired\":true,\"valueName\":\"search_term_string\"}}],\"inLanguage\":\"es\"},{\"@type\":\"Organization\",\"@id\":\"https:\\\/\\\/centro-cee.com\\\/web\\\/#organization\",\"name\":\"Centro Europeo E-learning CEE\",\"url\":\"https:\\\/\\\/centro-cee.com\\\/web\\\/\",\"logo\":{\"@type\":\"ImageObject\",\"inLanguage\":\"es\",\"@id\":\"https:\\\/\\\/centro-cee.com\\\/web\\\/#\\\/schema\\\/logo\\\/image\\\/\",\"url\":\"https:\\\/\\\/centro-cee.com\\\/web\\\/wp-content\\\/uploads\\\/2022\\\/12\\\/cropped-logo_educa.png\",\"contentUrl\":\"https:\\\/\\\/centro-cee.com\\\/web\\\/wp-content\\\/uploads\\\/2022\\\/12\\\/cropped-logo_educa.png\",\"width\":157,\"height\":63,\"caption\":\"Centro Europeo E-learning CEE\"},\"image\":{\"@id\":\"https:\\\/\\\/centro-cee.com\\\/web\\\/#\\\/schema\\\/logo\\\/image\\\/\"},\"sameAs\":[\"https:\\\/\\\/www.instagram.com\\\/centroeuropeo_cee\"]},{\"@type\":\"Person\",\"@id\":\"https:\\\/\\\/centro-cee.com\\\/web\\\/#\\\/schema\\\/person\\\/24bfbcbf6dc0b6bfac34beca30e9d1d6\",\"name\":\"Edici\u00f3n\",\"image\":{\"@type\":\"ImageObject\",\"inLanguage\":\"es\",\"@id\":\"https:\\\/\\\/secure.gravatar.com\\\/avatar\\\/0a624005c10688edf13034d7c3734e8b9f3bf7083d2ca657e150b27a6bb4ba18?s=96&d=mm&r=g\",\"url\":\"https:\\\/\\\/secure.gravatar.com\\\/avatar\\\/0a624005c10688edf13034d7c3734e8b9f3bf7083d2ca657e150b27a6bb4ba18?s=96&d=mm&r=g\",\"contentUrl\":\"https:\\\/\\\/secure.gravatar.com\\\/avatar\\\/0a624005c10688edf13034d7c3734e8b9f3bf7083d2ca657e150b27a6bb4ba18?s=96&d=mm&r=g\",\"caption\":\"Edici\u00f3n\"},\"url\":\"https:\\\/\\\/centro-cee.com\\\/web\\\/author\\\/edicion\\\/\"}]}<\/script>\n<!-- \/ Yoast SEO plugin. -->","yoast_head_json":{"title":"Huelga de Trabajadores de Amazon - CEE Centro Europeo E-learning - Cursos online","description":"Huelga de Trabajadores de Amazon - Varapalo para los trabajadores de Amazon Espa\u00f1a en el centro de Martorelles. Noticias CEE","robots":{"index":"index","follow":"follow","max-snippet":"max-snippet:-1","max-image-preview":"max-image-preview:large","max-video-preview":"max-video-preview:-1"},"canonical":"https:\/\/centro-cee.com\/web\/huelga-de-trabajadores-de-amazon\/","og_locale":"es_ES","og_type":"article","og_title":"Huelga de Trabajadores de Amazon - CEE Centro Europeo E-learning - Cursos online","og_description":"Huelga de Trabajadores de Amazon - Varapalo para los trabajadores de Amazon Espa\u00f1a en el centro de Martorelles. Noticias CEE","og_url":"https:\/\/centro-cee.com\/web\/huelga-de-trabajadores-de-amazon\/","og_site_name":"CEE Centro Europeo E-learning - Cursos online","article_published_time":"2023-02-01T08:50:44+00:00","article_modified_time":"2023-02-01T11:53:26+00:00","og_image":[{"width":900,"height":252,"url":"https:\/\/centro-cee.com\/web\/wp-content\/uploads\/2020\/06\/amazon-01-1-e1675252398933.jpg","type":"image\/jpeg"}],"author":"Edici\u00f3n","twitter_card":"summary_large_image","twitter_misc":{"Escrito por":"Edici\u00f3n","Tiempo de lectura":"3 minutos"},"schema":{"@context":"https:\/\/schema.org","@graph":[{"@type":"Article","@id":"https:\/\/centro-cee.com\/web\/huelga-de-trabajadores-de-amazon\/#article","isPartOf":{"@id":"https:\/\/centro-cee.com\/web\/huelga-de-trabajadores-de-amazon\/"},"author":{"name":"Edici\u00f3n","@id":"https:\/\/centro-cee.com\/web\/#\/schema\/person\/24bfbcbf6dc0b6bfac34beca30e9d1d6"},"headline":"Huelga de Trabajadores de Amazon","datePublished":"2023-02-01T08:50:44+00:00","dateModified":"2023-02-01T11:53:26+00:00","mainEntityOfPage":{"@id":"https:\/\/centro-cee.com\/web\/huelga-de-trabajadores-de-amazon\/"},"wordCount":688,"publisher":{"@id":"https:\/\/centro-cee.com\/web\/#organization"},"image":{"@id":"https:\/\/centro-cee.com\/web\/huelga-de-trabajadores-de-amazon\/#primaryimage"},"thumbnailUrl":"https:\/\/centro-cee.com\/web\/wp-content\/uploads\/2020\/06\/amazon-01-1-e1675252398933.jpg","keywords":["amazon","cee","despidos","huelga","jeff bezos","martorelles","paro"],"articleSection":["Noticias"],"inLanguage":"es"},{"@type":"WebPage","@id":"https:\/\/centro-cee.com\/web\/huelga-de-trabajadores-de-amazon\/","url":"https:\/\/centro-cee.com\/web\/huelga-de-trabajadores-de-amazon\/","name":"Huelga de Trabajadores de Amazon - CEE Centro Europeo E-learning - Cursos online","isPartOf":{"@id":"https:\/\/centro-cee.com\/web\/#website"},"primaryImageOfPage":{"@id":"https:\/\/centro-cee.com\/web\/huelga-de-trabajadores-de-amazon\/#primaryimage"},"image":{"@id":"https:\/\/centro-cee.com\/web\/huelga-de-trabajadores-de-amazon\/#primaryimage"},"thumbnailUrl":"https:\/\/centro-cee.com\/web\/wp-content\/uploads\/2020\/06\/amazon-01-1-e1675252398933.jpg","datePublished":"2023-02-01T08:50:44+00:00","dateModified":"2023-02-01T11:53:26+00:00","description":"Huelga de Trabajadores de Amazon - Varapalo para los trabajadores de Amazon Espa\u00f1a en el centro de Martorelles. Noticias CEE","breadcrumb":{"@id":"https:\/\/centro-cee.com\/web\/huelga-de-trabajadores-de-amazon\/#breadcrumb"},"inLanguage":"es","potentialAction":[{"@type":"ReadAction","target":["https:\/\/centro-cee.com\/web\/huelga-de-trabajadores-de-amazon\/"]}]},{"@type":"ImageObject","inLanguage":"es","@id":"https:\/\/centro-cee.com\/web\/huelga-de-trabajadores-de-amazon\/#primaryimage","url":"https:\/\/centro-cee.com\/web\/wp-content\/uploads\/2020\/06\/amazon-01-1-e1675252398933.jpg","contentUrl":"https:\/\/centro-cee.com\/web\/wp-content\/uploads\/2020\/06\/amazon-01-1-e1675252398933.jpg","width":900,"height":252,"caption":"Amazon - Centro CEE"},{"@type":"BreadcrumbList","@id":"https:\/\/centro-cee.com\/web\/huelga-de-trabajadores-de-amazon\/#breadcrumb","itemListElement":[{"@type":"ListItem","position":1,"name":"Portada","item":"https:\/\/centro-cee.com\/web\/"},{"@type":"ListItem","position":2,"name":"Huelga de Trabajadores de Amazon"}]},{"@type":"WebSite","@id":"https:\/\/centro-cee.com\/web\/#website","url":"https:\/\/centro-cee.com\/web\/","name":"Centro Europeo E-learning","description":"CEE Formaci\u00f3n Online","publisher":{"@id":"https:\/\/centro-cee.com\/web\/#organization"},"alternateName":"Centro Online de Formaci\u00f3n","potentialAction":[{"@type":"SearchAction","target":{"@type":"EntryPoint","urlTemplate":"https:\/\/centro-cee.com\/web\/?s={search_term_string}"},"query-input":{"@type":"PropertyValueSpecification","valueRequired":true,"valueName":"search_term_string"}}],"inLanguage":"es"},{"@type":"Organization","@id":"https:\/\/centro-cee.com\/web\/#organization","name":"Centro Europeo E-learning CEE","url":"https:\/\/centro-cee.com\/web\/","logo":{"@type":"ImageObject","inLanguage":"es","@id":"https:\/\/centro-cee.com\/web\/#\/schema\/logo\/image\/","url":"https:\/\/centro-cee.com\/web\/wp-content\/uploads\/2022\/12\/cropped-logo_educa.png","contentUrl":"https:\/\/centro-cee.com\/web\/wp-content\/uploads\/2022\/12\/cropped-logo_educa.png","width":157,"height":63,"caption":"Centro Europeo E-learning CEE"},"image":{"@id":"https:\/\/centro-cee.com\/web\/#\/schema\/logo\/image\/"},"sameAs":["https:\/\/www.instagram.com\/centroeuropeo_cee"]},{"@type":"Person","@id":"https:\/\/centro-cee.com\/web\/#\/schema\/person\/24bfbcbf6dc0b6bfac34beca30e9d1d6","name":"Edici\u00f3n","image":{"@type":"ImageObject","inLanguage":"es","@id":"https:\/\/secure.gravatar.com\/avatar\/0a624005c10688edf13034d7c3734e8b9f3bf7083d2ca657e150b27a6bb4ba18?s=96&d=mm&r=g","url":"https:\/\/secure.gravatar.com\/avatar\/0a624005c10688edf13034d7c3734e8b9f3bf7083d2ca657e150b27a6bb4ba18?s=96&d=mm&r=g","contentUrl":"https:\/\/secure.gravatar.com\/avatar\/0a624005c10688edf13034d7c3734e8b9f3bf7083d2ca657e150b27a6bb4ba18?s=96&d=mm&r=g","caption":"Edici\u00f3n"},"url":"https:\/\/centro-cee.com\/web\/author\/edicion\/"}]}},"_links":{"self":[{"href":"https:\/\/centro-cee.com\/web\/wp-json\/wp\/v2\/posts\/1027","targetHints":{"allow":["GET"]}}],"collection":[{"href":"https:\/\/centro-cee.com\/web\/wp-json\/wp\/v2\/posts"}],"about":[{"href":"https:\/\/centro-cee.com\/web\/wp-json\/wp\/v2\/types\/post"}],"author":[{"embeddable":true,"href":"https:\/\/centro-cee.com\/web\/wp-json\/wp\/v2\/users\/2"}],"replies":[{"embeddable":true,"href":"https:\/\/centro-cee.com\/web\/wp-json\/wp\/v2\/comments?post=1027"}],"version-history":[{"count":2,"href":"https:\/\/centro-cee.com\/web\/wp-json\/wp\/v2\/posts\/1027\/revisions"}],"predecessor-version":[{"id":1029,"href":"https:\/\/centro-cee.com\/web\/wp-json\/wp\/v2\/posts\/1027\/revisions\/1029"}],"wp:featuredmedia":[{"embeddable":true,"href":"https:\/\/centro-cee.com\/web\/wp-json\/wp\/v2\/media\/489"}],"wp:attachment":[{"href":"https:\/\/centro-cee.com\/web\/wp-json\/wp\/v2\/media?parent=1027"}],"wp:term":[{"taxonomy":"category","embeddable":true,"href":"https:\/\/centro-cee.com\/web\/wp-json\/wp\/v2\/categories?post=1027"},{"taxonomy":"post_tag","embeddable":true,"href":"https:\/\/centro-cee.com\/web\/wp-json\/wp\/v2\/tags?post=1027"}],"curies":[{"name":"wp","href":"https:\/\/api.w.org\/{rel}","templated":true}]}}