{"id":1007,"date":"2023-01-31T08:07:15","date_gmt":"2023-01-31T08:07:15","guid":{"rendered":"https:\/\/centro-cee.com\/web\/?p=1007"},"modified":"2023-02-01T11:55:08","modified_gmt":"2023-02-01T11:55:08","slug":"iphone-14-centro-cee","status":"publish","type":"post","link":"https:\/\/centro-cee.com\/web\/iphone-14-centro-cee\/","title":{"rendered":"APPLE &#8211; AUMENTO DEL PRECIO DEL IPHONE 14"},"content":{"rendered":"<p><!--more--><\/p>\n<p style=\"font-size: 70%;\"><em>IPHONE 14 &#8211; Centro CEE<\/em><\/p>\n<p>El documento que ha sacado a la luz Bloomberg detalla que <strong>los costes de los componentes aumentaron en la gama alta del nuevo iPhone 14 debido a las mejoras en el procesador de aplicaciones y la c\u00e1mara principal<\/strong>, lo que sugiere que esta tendencia continuar\u00e1 en los nuevos modelos. Este acontecimiento se ha producido sobre todo en <strong>Jap\u00f3n<\/strong>, que es el pa\u00eds donde iPhone 13 tuvo un aumento de precio significativo a causa de la inminente inflaci\u00f3n y el debilitamiento del yen, su moneda oficial.<\/p>\n<p>El analista de este estudio, <strong>Masahiro Wakasugi<\/strong>, asegura que el coste de los componentes del iPhone 14 han crecido considerablemente. Por lo tanto, la lista de materiales<strong> \u2018Bill of Materials\u2019<\/strong> (BOM), tambi\u00e9n conocida como estructura de producto consistente en construir, fabricar o reparar un servicio, de un iPhone 14 Pro Max es de<strong> 517 d\u00f3lares<\/strong>, un 18% m\u00e1s que el iPhone 13 Pro Max, seg\u00fan el an\u00e1lisis preliminar de despiece de <strong>Formalhaut Techno Solutions<\/strong>.<\/p>\n<div class=\"code-block code-block-15\">\n<div id=\"taboola-mid-article-unit\" class=\" trc_related_container trc_spotlight_widget trc_elastic trc_elastic_mid-article-thumbnails \" data-placement-name=\"Mid Article Unit\">\n<div class=\"trc_rbox_container\">\n<div>\n<div id=\"trc_wrapper_92243\" class=\"trc_rbox mid-article-thumbnails trc-content-sponsored \">\n<div id=\"outer_92243\" class=\"trc_rbox_outer\">\n<div id=\"rbox-t2m\" class=\"trc_rbox_div trc_rbox_border_elm\">\n<div id=\"internal_trc_92243\">\n<div class=\"videoCube trc_spotlight_item origin-undefined thumbnail_top syndicatedItem textItem videoCube_1_child trc-first-recommendation trc-spotlight-first-recommendation trc_excludable \" data-item-id=\"~~V1~~-7436293277702695873~~0NH89mgyjsOv3wJZUdtH78b84KRtBipvbjgwefvQtpb6nH0OabNJtzzP-ddPU2nvK8Bm7FKD2NW1M1BCiW1-kuMDMqg65-jJbi04eURsbtqeHe1S9jo_X4timp5pCZhQQas41f4COFvufOf52grWNe487k0pvO_9ezrwRupEiSMB7CKWDYR-vkpxcdUUzOgEqMBBvkdfag99mRDkZdH7GWyqPyYAJiLv4Bwf13D6xIngMQsnNYwhBPEcQz17qd5CDIeekRjFSgtZuBvmsv4c7DbGqmyKLTNqodf-HhlOBOOPF8C2yPvlmbo_NIFLjI3J4iZQtUWg-nHG7RBY6CXPbg\" data-item-title=\"Experta en ling\u00fc\u00edstica explica c\u00f3mo hablar ingl\u00e9s con solo 15 minutos de estudio al d\u00eda\" data-item-thumb=\"http:\/\/cdn.taboola.com\/libtrc\/static\/thumbnails\/fb558f2ac04f91fd5c2314df7fb9019c.jpeg\" data-item-syndicated=\"true\">\n<div class=\"thumbBlock_holder\">\n<div class=\"videoCube_aspect\"><\/div>\n<\/div>\n<p><a class=\" item-label-href \" title=\"Experta en ling\u00fc\u00edstica explica c\u00f3mo hablar ingl\u00e9s con solo 15 minutos de estudio al d\u00eda\" href=\"https:\/\/go.babbel.com\/v1\/tl?bsc=spamag-15min-short-esp-2022-cd-spa-tb&amp;btp=default&amp;utm_source=Taboola&amp;utm_medium=CON&amp;utm_campaign=CD_SPAALL_gES_cXO_15minShort_TB_ESP_local_2022&amp;utm_content=1216100_18190671_3376526149&amp;tcid=GiCEXefY3ezrFrPzhImpa51Q2tDyxaN_sM6ARetfRAoP2SDJ-EAoyMSN_Nz1weeIAQ&amp;tblci=GiCEXefY3ezrFrPzhImpa51Q2tDyxaN_sM6ARetfRAoP2SDJ-EAoyMSN_Nz1weeIAQ#tblciGiCEXefY3ezrFrPzhImpa51Q2tDyxaN_sM6ARetfRAoP2SDJ-EAoyMSN_Nz1weeIAQ\" target=\"_blank\" rel=\"nofollow noopener sponsored\"><span class=\"video-label-box trc-main-label \"><span class=\"video-label video-title trc_ellipsis \">Experta en ling\u00fc\u00edstica explica c\u00f3mo hablar ingl\u00e9s con solo 15 minutos de estudio al d\u00eda<\/span><span class=\"branding\">Babbel<\/span><\/span><\/a><\/p>\n<div class=\" trc_user_exclude_btn \" title=\"Quitar este anuncio\"><\/div>\n<div class=\" trc_exclude_overlay trc_fade \"><\/div>\n<div class=\" trc_undo_btn \"><\/div>\n<\/div>\n<\/div>\n<\/div>\n<\/div>\n<div class=\"trc-widget-footer\">\n<div class=\"logoDiv link-adc \"><a class=\"trc_desktop_adc_link trc_attribution_position_bottom\" href=\"https:\/\/popup.taboola.com\/es\/?template=colorbox&amp;utm_source=merca2-merca2&amp;utm_medium=referral&amp;utm_content=mid-article-thumbnails:Mid Article Unit:\" target=\"_blank\" rel=\"nofollow sponsored noopener\"><span class=\"trc_adc_wrapper\">\u00a0<\/span><span class=\"trc_logos_v_align\">\u00a0<\/span><\/a><\/div>\n<\/div>\n<div class=\"trc_clearer\"><\/div>\n<\/div>\n<\/div>\n<\/div>\n<\/div>\n<\/div>\n<blockquote class=\"wp-block-quote\"><p>Las pantallas de los iPhone suelen ser los componentes de fabricaci\u00f3n m\u00e1s caros y ocupan gran parte de los costes totales<\/p><\/blockquote>\n<p>Seg\u00fan Wakasugi, el aumento de costes de componentes se debe fundamentalmente a una mejora en el procesador, la c\u00e1mara principal y los circuitos de alta frecuencia 5G. Adem\u00e1s, el <strong>ensamblaje <\/strong>es uno de los factores clave que supone un importe adicional, llegando a un total de <strong>543 d\u00f3lares<\/strong>. El profesional tecnol\u00f3gico de origen nip\u00f3n difunde que el <a href=\"https:\/\/www.inversion.es\/2022\/10\/01\/apple-deriva-iphone-salvador-25414\/\" target=\"_blank\" rel=\"noreferrer noopener\" data-type=\"URL\" data-id=\"https:\/\/www.inversion.es\/2022\/10\/01\/apple-deriva-iphone-salvador-25414\/\">margen bruto<\/a> de la venta de un iPhone 14 Pro Max de 256GB es superior al 50%.<\/p>\n<h3>LA PANTALLA: EL COMPONENTE M\u00c1S CARO DE APPLE<\/h3>\n<p>Wakasugi anuncia que <strong>las pantallas suelen ser los componentes de fabricaci\u00f3n m\u00e1s caros<\/strong> y ocupan gran parte de los costes totales y se estima que la pantalla <strong>OLED <\/strong>del nuevo iPhone llegue a suponer un precio de <strong>105 d\u00f3lares por unidad<\/strong>, pr\u00e1cticamente la misma cifra que la de sus predecesores.<\/p>\n<h3>MAYOR CONSUMO DE ENERG\u00cdA<\/h3>\n<p>La adquisici\u00f3n de los nuevos materiales para la fabricaci\u00f3n de los iPhone 14 pueden llegar a derivar un <strong>mayor consumo de energ\u00eda<\/strong>. Seg\u00fan los analistas de Bloomberg, esto implica una mayor demanda de <strong>condensadores cer\u00e1micos multicapa<\/strong> (MLCC), que requieren herramientas sofisticadas para su creaci\u00f3n, ya que se trata de una tecnolog\u00eda avanzada que consta de condensadores individuales apilados unos sobre los otros, conectados en un circuito paralelo.<\/p>\n<p>De esta manera, las \u00e1reas de MLCC de los iPhone 14 Pro y Pro Max <strong>son m\u00e1s amplias <\/strong>que las de los iPhone 13 en sus respectivos modelos, por lo que los dispositivos de este a\u00f1o requieren una alta tasa de electricidad debido a la implementaci\u00f3n de nuevas mejoras electr\u00f3nicas.<\/p>\n<blockquote class=\"wp-block-quote\"><p>Apple sube el precio en Espa\u00f1a de sus servicios en streaming entre uno y tres euros m\u00e1s: Apple TV+, Apple Music y Apple One<\/p><\/blockquote>\n<h3>APPLE SUBE EL PRECIO DE APPLE TV+, APPLE MUSIC Y APPLE ONE<\/h3>\n<p>Al igual que Netflix, Prime Video y Disney Plus, <strong>Apple se ha subido al carro del aumento de precios en sus principales plataformas de streaming<\/strong>, tanto en contenido audiovisual como musical, y ha anunciado que a partir de ahora las suscripciones a sus servicios digitales tendr\u00e1n un coste de entre uno y tres euros adicionales al mes en territorio espa\u00f1ol, que se reflejan actualmente en su portfolio. La empresa norteamericana escusa el aumento de costes, en gran medida, por la <strong>fuerte inflaci\u00f3n<\/strong> que afronta el sector tecnol\u00f3gico.<\/p>\n<p>En el caso de <strong>Apple Music<\/strong>, la compa\u00f1\u00eda achaque que los royalties, es decir, los pagos que deben hacerse al poseedor de derechos de autor, se han encarecido en los \u00faltimos meses. En contrapartida, <strong>Apple TV+<\/strong> produce mejor contenido de series y pel\u00edculas y eso ha provocado que aumente el importe. As\u00ed, la nueva pol\u00edtica de precios de Apple queda de la siguiente forma:<\/p>\n<p>Apple Music Individual sube un euro, coloc\u00e1ndose en <strong>10,99 euros<\/strong> mensuales. El paquete Familiar conforma <strong>16,99 euros <\/strong>al mes, lo que supone un aumento de dos euros. Por su parte, Apple TV+ mensual escala hasta los <strong>6,99 euros<\/strong>, transform\u00e1ndose en dos euros m\u00e1s respecto al precio anterior. Por \u00faltimo, <strong>Apple One<\/strong> Individual, Familiar y Premium resultan ser los paquetes que m\u00e1s suben, entre <strong>dos y tres euros<\/strong>.<\/p>\n<p style=\"font-size: 70%;\">Fuente: merca2<\/p>\n<p>&nbsp;<\/p>\n<p><a href=\"https:\/\/centro-cee.com\/web\/category\/noticias\/\">Atr\u00e1s<\/a><\/p>\n<hr \/>\n<p style=\"font-size: 70%;\"><em>IPHONE 14 &#8211; Centro CEE<\/em><\/p>\n","protected":false},"excerpt":{"rendered":"","protected":false},"author":2,"featured_media":1009,"comment_status":"closed","ping_status":"closed","sticky":false,"template":"","format":"standard","meta":{"footnotes":""},"categories":[1],"tags":[158,39,157,160,159,161],"class_list":["post-1007","post","type-post","status-publish","format-standard","has-post-thumbnail","hentry","category-noticias","tag-apple","tag-cee","tag-iphone-14","tag-mac","tag-movil","tag-smartphone"],"yoast_head":"<!-- This site is optimized with the Yoast SEO plugin v27.5 - https:\/\/yoast.com\/product\/yoast-seo-wordpress\/ -->\n<title>IPHONE 14 - Centro CEE<\/title>\n<meta name=\"description\" content=\"IPHONE 14 - Centro CEE, traemos noticias sobre el incremento de precio que Apple pone en su nuevo modelo Iphone 14, te interesa!\" \/>\n<meta name=\"robots\" content=\"index, follow, max-snippet:-1, max-image-preview:large, max-video-preview:-1\" \/>\n<link rel=\"canonical\" href=\"https:\/\/centro-cee.com\/web\/iphone-14-centro-cee\/\" \/>\n<meta property=\"og:locale\" content=\"es_ES\" \/>\n<meta property=\"og:type\" content=\"article\" \/>\n<meta property=\"og:title\" content=\"IPHONE 14 - Centro CEE\" \/>\n<meta property=\"og:description\" content=\"IPHONE 14 - Centro CEE, traemos noticias sobre el incremento de precio que Apple pone en su nuevo modelo Iphone 14, te interesa!\" \/>\n<meta property=\"og:url\" content=\"https:\/\/centro-cee.com\/web\/iphone-14-centro-cee\/\" \/>\n<meta property=\"og:site_name\" content=\"CEE Centro Europeo E-learning - Cursos online\" \/>\n<meta property=\"article:published_time\" content=\"2023-01-31T08:07:15+00:00\" \/>\n<meta property=\"article:modified_time\" content=\"2023-02-01T11:55:08+00:00\" \/>\n<meta property=\"og:image\" content=\"https:\/\/centro-cee.com\/web\/wp-content\/uploads\/2023\/01\/iphone-e1675152929819.jpg\" \/>\n\t<meta property=\"og:image:width\" content=\"500\" \/>\n\t<meta property=\"og:image:height\" content=\"157\" \/>\n\t<meta property=\"og:image:type\" content=\"image\/jpeg\" \/>\n<meta name=\"author\" content=\"Edici\u00f3n\" \/>\n<meta name=\"twitter:card\" content=\"summary_large_image\" \/>\n<meta name=\"twitter:label1\" content=\"Escrito por\" \/>\n\t<meta name=\"twitter:data1\" content=\"Edici\u00f3n\" \/>\n\t<meta name=\"twitter:label2\" content=\"Tiempo de lectura\" \/>\n\t<meta name=\"twitter:data2\" content=\"4 minutos\" \/>\n<script type=\"application\/ld+json\" class=\"yoast-schema-graph\">{\"@context\":\"https:\\\/\\\/schema.org\",\"@graph\":[{\"@type\":\"Article\",\"@id\":\"https:\\\/\\\/centro-cee.com\\\/web\\\/iphone-14-centro-cee\\\/#article\",\"isPartOf\":{\"@id\":\"https:\\\/\\\/centro-cee.com\\\/web\\\/iphone-14-centro-cee\\\/\"},\"author\":{\"name\":\"Edici\u00f3n\",\"@id\":\"https:\\\/\\\/centro-cee.com\\\/web\\\/#\\\/schema\\\/person\\\/24bfbcbf6dc0b6bfac34beca30e9d1d6\"},\"headline\":\"APPLE &#8211; AUMENTO DEL PRECIO DEL IPHONE 14\",\"datePublished\":\"2023-01-31T08:07:15+00:00\",\"dateModified\":\"2023-02-01T11:55:08+00:00\",\"mainEntityOfPage\":{\"@id\":\"https:\\\/\\\/centro-cee.com\\\/web\\\/iphone-14-centro-cee\\\/\"},\"wordCount\":756,\"publisher\":{\"@id\":\"https:\\\/\\\/centro-cee.com\\\/web\\\/#organization\"},\"image\":{\"@id\":\"https:\\\/\\\/centro-cee.com\\\/web\\\/iphone-14-centro-cee\\\/#primaryimage\"},\"thumbnailUrl\":\"https:\\\/\\\/centro-cee.com\\\/web\\\/wp-content\\\/uploads\\\/2023\\\/01\\\/iphone-e1675152929819.jpg\",\"keywords\":[\"apple\",\"cee\",\"iphone 14\",\"mac\",\"movil\",\"smartphone\"],\"articleSection\":[\"Noticias\"],\"inLanguage\":\"es\"},{\"@type\":\"WebPage\",\"@id\":\"https:\\\/\\\/centro-cee.com\\\/web\\\/iphone-14-centro-cee\\\/\",\"url\":\"https:\\\/\\\/centro-cee.com\\\/web\\\/iphone-14-centro-cee\\\/\",\"name\":\"IPHONE 14 - Centro CEE\",\"isPartOf\":{\"@id\":\"https:\\\/\\\/centro-cee.com\\\/web\\\/#website\"},\"primaryImageOfPage\":{\"@id\":\"https:\\\/\\\/centro-cee.com\\\/web\\\/iphone-14-centro-cee\\\/#primaryimage\"},\"image\":{\"@id\":\"https:\\\/\\\/centro-cee.com\\\/web\\\/iphone-14-centro-cee\\\/#primaryimage\"},\"thumbnailUrl\":\"https:\\\/\\\/centro-cee.com\\\/web\\\/wp-content\\\/uploads\\\/2023\\\/01\\\/iphone-e1675152929819.jpg\",\"datePublished\":\"2023-01-31T08:07:15+00:00\",\"dateModified\":\"2023-02-01T11:55:08+00:00\",\"description\":\"IPHONE 14 - Centro CEE, traemos noticias sobre el incremento de precio que Apple pone en su nuevo modelo Iphone 14, te interesa!\",\"breadcrumb\":{\"@id\":\"https:\\\/\\\/centro-cee.com\\\/web\\\/iphone-14-centro-cee\\\/#breadcrumb\"},\"inLanguage\":\"es\",\"potentialAction\":[{\"@type\":\"ReadAction\",\"target\":[\"https:\\\/\\\/centro-cee.com\\\/web\\\/iphone-14-centro-cee\\\/\"]}]},{\"@type\":\"ImageObject\",\"inLanguage\":\"es\",\"@id\":\"https:\\\/\\\/centro-cee.com\\\/web\\\/iphone-14-centro-cee\\\/#primaryimage\",\"url\":\"https:\\\/\\\/centro-cee.com\\\/web\\\/wp-content\\\/uploads\\\/2023\\\/01\\\/iphone-e1675152929819.jpg\",\"contentUrl\":\"https:\\\/\\\/centro-cee.com\\\/web\\\/wp-content\\\/uploads\\\/2023\\\/01\\\/iphone-e1675152929819.jpg\",\"width\":500,\"height\":157,\"caption\":\"iPhone 14 - Centro CEE\"},{\"@type\":\"BreadcrumbList\",\"@id\":\"https:\\\/\\\/centro-cee.com\\\/web\\\/iphone-14-centro-cee\\\/#breadcrumb\",\"itemListElement\":[{\"@type\":\"ListItem\",\"position\":1,\"name\":\"Portada\",\"item\":\"https:\\\/\\\/centro-cee.com\\\/web\\\/\"},{\"@type\":\"ListItem\",\"position\":2,\"name\":\"APPLE &#8211; AUMENTO DEL PRECIO DEL IPHONE 14\"}]},{\"@type\":\"WebSite\",\"@id\":\"https:\\\/\\\/centro-cee.com\\\/web\\\/#website\",\"url\":\"https:\\\/\\\/centro-cee.com\\\/web\\\/\",\"name\":\"Centro Europeo E-learning\",\"description\":\"CEE Formaci\u00f3n Online\",\"publisher\":{\"@id\":\"https:\\\/\\\/centro-cee.com\\\/web\\\/#organization\"},\"alternateName\":\"Centro Online de Formaci\u00f3n\",\"potentialAction\":[{\"@type\":\"SearchAction\",\"target\":{\"@type\":\"EntryPoint\",\"urlTemplate\":\"https:\\\/\\\/centro-cee.com\\\/web\\\/?s={search_term_string}\"},\"query-input\":{\"@type\":\"PropertyValueSpecification\",\"valueRequired\":true,\"valueName\":\"search_term_string\"}}],\"inLanguage\":\"es\"},{\"@type\":\"Organization\",\"@id\":\"https:\\\/\\\/centro-cee.com\\\/web\\\/#organization\",\"name\":\"Centro Europeo E-learning CEE\",\"url\":\"https:\\\/\\\/centro-cee.com\\\/web\\\/\",\"logo\":{\"@type\":\"ImageObject\",\"inLanguage\":\"es\",\"@id\":\"https:\\\/\\\/centro-cee.com\\\/web\\\/#\\\/schema\\\/logo\\\/image\\\/\",\"url\":\"https:\\\/\\\/centro-cee.com\\\/web\\\/wp-content\\\/uploads\\\/2022\\\/12\\\/cropped-logo_educa.png\",\"contentUrl\":\"https:\\\/\\\/centro-cee.com\\\/web\\\/wp-content\\\/uploads\\\/2022\\\/12\\\/cropped-logo_educa.png\",\"width\":157,\"height\":63,\"caption\":\"Centro Europeo E-learning CEE\"},\"image\":{\"@id\":\"https:\\\/\\\/centro-cee.com\\\/web\\\/#\\\/schema\\\/logo\\\/image\\\/\"},\"sameAs\":[\"https:\\\/\\\/www.instagram.com\\\/centroeuropeo_cee\"]},{\"@type\":\"Person\",\"@id\":\"https:\\\/\\\/centro-cee.com\\\/web\\\/#\\\/schema\\\/person\\\/24bfbcbf6dc0b6bfac34beca30e9d1d6\",\"name\":\"Edici\u00f3n\",\"image\":{\"@type\":\"ImageObject\",\"inLanguage\":\"es\",\"@id\":\"https:\\\/\\\/secure.gravatar.com\\\/avatar\\\/0a624005c10688edf13034d7c3734e8b9f3bf7083d2ca657e150b27a6bb4ba18?s=96&d=mm&r=g\",\"url\":\"https:\\\/\\\/secure.gravatar.com\\\/avatar\\\/0a624005c10688edf13034d7c3734e8b9f3bf7083d2ca657e150b27a6bb4ba18?s=96&d=mm&r=g\",\"contentUrl\":\"https:\\\/\\\/secure.gravatar.com\\\/avatar\\\/0a624005c10688edf13034d7c3734e8b9f3bf7083d2ca657e150b27a6bb4ba18?s=96&d=mm&r=g\",\"caption\":\"Edici\u00f3n\"},\"url\":\"https:\\\/\\\/centro-cee.com\\\/web\\\/author\\\/edicion\\\/\"}]}<\/script>\n<!-- \/ Yoast SEO plugin. -->","yoast_head_json":{"title":"IPHONE 14 - Centro CEE","description":"IPHONE 14 - Centro CEE, traemos noticias sobre el incremento de precio que Apple pone en su nuevo modelo Iphone 14, te interesa!","robots":{"index":"index","follow":"follow","max-snippet":"max-snippet:-1","max-image-preview":"max-image-preview:large","max-video-preview":"max-video-preview:-1"},"canonical":"https:\/\/centro-cee.com\/web\/iphone-14-centro-cee\/","og_locale":"es_ES","og_type":"article","og_title":"IPHONE 14 - Centro CEE","og_description":"IPHONE 14 - Centro CEE, traemos noticias sobre el incremento de precio que Apple pone en su nuevo modelo Iphone 14, te interesa!","og_url":"https:\/\/centro-cee.com\/web\/iphone-14-centro-cee\/","og_site_name":"CEE Centro Europeo E-learning - Cursos online","article_published_time":"2023-01-31T08:07:15+00:00","article_modified_time":"2023-02-01T11:55:08+00:00","og_image":[{"width":500,"height":157,"url":"https:\/\/centro-cee.com\/web\/wp-content\/uploads\/2023\/01\/iphone-e1675152929819.jpg","type":"image\/jpeg"}],"author":"Edici\u00f3n","twitter_card":"summary_large_image","twitter_misc":{"Escrito por":"Edici\u00f3n","Tiempo de lectura":"4 minutos"},"schema":{"@context":"https:\/\/schema.org","@graph":[{"@type":"Article","@id":"https:\/\/centro-cee.com\/web\/iphone-14-centro-cee\/#article","isPartOf":{"@id":"https:\/\/centro-cee.com\/web\/iphone-14-centro-cee\/"},"author":{"name":"Edici\u00f3n","@id":"https:\/\/centro-cee.com\/web\/#\/schema\/person\/24bfbcbf6dc0b6bfac34beca30e9d1d6"},"headline":"APPLE &#8211; AUMENTO DEL PRECIO DEL IPHONE 14","datePublished":"2023-01-31T08:07:15+00:00","dateModified":"2023-02-01T11:55:08+00:00","mainEntityOfPage":{"@id":"https:\/\/centro-cee.com\/web\/iphone-14-centro-cee\/"},"wordCount":756,"publisher":{"@id":"https:\/\/centro-cee.com\/web\/#organization"},"image":{"@id":"https:\/\/centro-cee.com\/web\/iphone-14-centro-cee\/#primaryimage"},"thumbnailUrl":"https:\/\/centro-cee.com\/web\/wp-content\/uploads\/2023\/01\/iphone-e1675152929819.jpg","keywords":["apple","cee","iphone 14","mac","movil","smartphone"],"articleSection":["Noticias"],"inLanguage":"es"},{"@type":"WebPage","@id":"https:\/\/centro-cee.com\/web\/iphone-14-centro-cee\/","url":"https:\/\/centro-cee.com\/web\/iphone-14-centro-cee\/","name":"IPHONE 14 - Centro CEE","isPartOf":{"@id":"https:\/\/centro-cee.com\/web\/#website"},"primaryImageOfPage":{"@id":"https:\/\/centro-cee.com\/web\/iphone-14-centro-cee\/#primaryimage"},"image":{"@id":"https:\/\/centro-cee.com\/web\/iphone-14-centro-cee\/#primaryimage"},"thumbnailUrl":"https:\/\/centro-cee.com\/web\/wp-content\/uploads\/2023\/01\/iphone-e1675152929819.jpg","datePublished":"2023-01-31T08:07:15+00:00","dateModified":"2023-02-01T11:55:08+00:00","description":"IPHONE 14 - Centro CEE, traemos noticias sobre el incremento de precio que Apple pone en su nuevo modelo Iphone 14, te interesa!","breadcrumb":{"@id":"https:\/\/centro-cee.com\/web\/iphone-14-centro-cee\/#breadcrumb"},"inLanguage":"es","potentialAction":[{"@type":"ReadAction","target":["https:\/\/centro-cee.com\/web\/iphone-14-centro-cee\/"]}]},{"@type":"ImageObject","inLanguage":"es","@id":"https:\/\/centro-cee.com\/web\/iphone-14-centro-cee\/#primaryimage","url":"https:\/\/centro-cee.com\/web\/wp-content\/uploads\/2023\/01\/iphone-e1675152929819.jpg","contentUrl":"https:\/\/centro-cee.com\/web\/wp-content\/uploads\/2023\/01\/iphone-e1675152929819.jpg","width":500,"height":157,"caption":"iPhone 14 - Centro CEE"},{"@type":"BreadcrumbList","@id":"https:\/\/centro-cee.com\/web\/iphone-14-centro-cee\/#breadcrumb","itemListElement":[{"@type":"ListItem","position":1,"name":"Portada","item":"https:\/\/centro-cee.com\/web\/"},{"@type":"ListItem","position":2,"name":"APPLE &#8211; AUMENTO DEL PRECIO DEL IPHONE 14"}]},{"@type":"WebSite","@id":"https:\/\/centro-cee.com\/web\/#website","url":"https:\/\/centro-cee.com\/web\/","name":"Centro Europeo E-learning","description":"CEE Formaci\u00f3n Online","publisher":{"@id":"https:\/\/centro-cee.com\/web\/#organization"},"alternateName":"Centro Online de Formaci\u00f3n","potentialAction":[{"@type":"SearchAction","target":{"@type":"EntryPoint","urlTemplate":"https:\/\/centro-cee.com\/web\/?s={search_term_string}"},"query-input":{"@type":"PropertyValueSpecification","valueRequired":true,"valueName":"search_term_string"}}],"inLanguage":"es"},{"@type":"Organization","@id":"https:\/\/centro-cee.com\/web\/#organization","name":"Centro Europeo E-learning CEE","url":"https:\/\/centro-cee.com\/web\/","logo":{"@type":"ImageObject","inLanguage":"es","@id":"https:\/\/centro-cee.com\/web\/#\/schema\/logo\/image\/","url":"https:\/\/centro-cee.com\/web\/wp-content\/uploads\/2022\/12\/cropped-logo_educa.png","contentUrl":"https:\/\/centro-cee.com\/web\/wp-content\/uploads\/2022\/12\/cropped-logo_educa.png","width":157,"height":63,"caption":"Centro Europeo E-learning CEE"},"image":{"@id":"https:\/\/centro-cee.com\/web\/#\/schema\/logo\/image\/"},"sameAs":["https:\/\/www.instagram.com\/centroeuropeo_cee"]},{"@type":"Person","@id":"https:\/\/centro-cee.com\/web\/#\/schema\/person\/24bfbcbf6dc0b6bfac34beca30e9d1d6","name":"Edici\u00f3n","image":{"@type":"ImageObject","inLanguage":"es","@id":"https:\/\/secure.gravatar.com\/avatar\/0a624005c10688edf13034d7c3734e8b9f3bf7083d2ca657e150b27a6bb4ba18?s=96&d=mm&r=g","url":"https:\/\/secure.gravatar.com\/avatar\/0a624005c10688edf13034d7c3734e8b9f3bf7083d2ca657e150b27a6bb4ba18?s=96&d=mm&r=g","contentUrl":"https:\/\/secure.gravatar.com\/avatar\/0a624005c10688edf13034d7c3734e8b9f3bf7083d2ca657e150b27a6bb4ba18?s=96&d=mm&r=g","caption":"Edici\u00f3n"},"url":"https:\/\/centro-cee.com\/web\/author\/edicion\/"}]}},"_links":{"self":[{"href":"https:\/\/centro-cee.com\/web\/wp-json\/wp\/v2\/posts\/1007","targetHints":{"allow":["GET"]}}],"collection":[{"href":"https:\/\/centro-cee.com\/web\/wp-json\/wp\/v2\/posts"}],"about":[{"href":"https:\/\/centro-cee.com\/web\/wp-json\/wp\/v2\/types\/post"}],"author":[{"embeddable":true,"href":"https:\/\/centro-cee.com\/web\/wp-json\/wp\/v2\/users\/2"}],"replies":[{"embeddable":true,"href":"https:\/\/centro-cee.com\/web\/wp-json\/wp\/v2\/comments?post=1007"}],"version-history":[{"count":11,"href":"https:\/\/centro-cee.com\/web\/wp-json\/wp\/v2\/posts\/1007\/revisions"}],"predecessor-version":[{"id":1030,"href":"https:\/\/centro-cee.com\/web\/wp-json\/wp\/v2\/posts\/1007\/revisions\/1030"}],"wp:featuredmedia":[{"embeddable":true,"href":"https:\/\/centro-cee.com\/web\/wp-json\/wp\/v2\/media\/1009"}],"wp:attachment":[{"href":"https:\/\/centro-cee.com\/web\/wp-json\/wp\/v2\/media?parent=1007"}],"wp:term":[{"taxonomy":"category","embeddable":true,"href":"https:\/\/centro-cee.com\/web\/wp-json\/wp\/v2\/categories?post=1007"},{"taxonomy":"post_tag","embeddable":true,"href":"https:\/\/centro-cee.com\/web\/wp-json\/wp\/v2\/tags?post=1007"}],"curies":[{"name":"wp","href":"https:\/\/api.w.org\/{rel}","templated":true}]}}